{"id":38976,"date":"2025-06-02T10:50:38","date_gmt":"2025-06-02T13:50:38","guid":{"rendered":"https:\/\/radiostudiow.com.br\/site\/?p=38976"},"modified":"2025-06-02T10:50:39","modified_gmt":"2025-06-02T13:50:39","slug":"crianca-e-atacada-por-pitbull-em-porto-uniao","status":"publish","type":"post","link":"https:\/\/radiostudiow.com.br\/site\/2025\/06\/02\/crianca-e-atacada-por-pitbull-em-porto-uniao\/","title":{"rendered":"Crian\u00e7a \u00e9 atacada por pitbull em Porto Uni\u00e3o"},"content":{"rendered":"\n<figure class=\"wp-block-image size-full\"><img loading=\"lazy\" decoding=\"async\" width=\"897\" height=\"204\" src=\"https:\/\/radiostudiow.com.br\/site\/wp-content\/uploads\/2025\/01\/SITE-GRANDE.png\" alt=\"\" class=\"wp-image-32809\" srcset=\"https:\/\/radiostudiow.com.br\/site\/wp-content\/uploads\/2025\/01\/SITE-GRANDE.png 897w, https:\/\/radiostudiow.com.br\/site\/wp-content\/uploads\/2025\/01\/SITE-GRANDE-300x68.png 300w, https:\/\/radiostudiow.com.br\/site\/wp-content\/uploads\/2025\/01\/SITE-GRANDE-768x175.png 768w\" sizes=\"auto, (max-width: 897px) 100vw, 897px\" \/><\/figure>\n\n\n\n<p>Uma crian\u00e7a de 10 anos foi atacada por um cachorro na tarde deste domingo, 01\u00b0 de junho, no bairro S\u00e3o Pedro, em Porto Uni\u00e3o, na divisa com Uni\u00e3o da Vit\u00f3ria.\u00a0O menino brincava na cal\u00e7ada quando foi surpreendido pelo animal, que teria pulado o muro de uma resid\u00eancia antes de iniciar o ataque.<\/p>\n\n\n\n<p>Segundo informa\u00e7\u00f5es preliminares repassadas pela Pol\u00edcia Militar de Santa Catarina,\u00a0a v\u00edtima sofreu ferimentos na cabe\u00e7a, pesco\u00e7o, costelas e em outras partes do corpo.\u00a0O ataque aconteceu por volta das 17h50, e o menino foi socorrido por pessoas que estavam pr\u00f3ximas no momento e, em seguida, encaminhado a uma unidade hospitalar.<\/p>\n\n\n\n<p>A Pol\u00edcia Militar foi acionada para atender \u00e0 ocorr\u00eancia, que foi registrada como\u00a0les\u00e3o corporal e omiss\u00e3o de cautela na guarda de animais.\u00a0A guarni\u00e7\u00e3o elaborou o\u00a0Boletim de Ocorr\u00eancia e orientou os respons\u00e1veis pela crian\u00e7a e pelo animal quanto \u00e0s medidas legais a serem tomadas.<\/p>\n\n\n\n<figure class=\"wp-block-image size-full\"><img loading=\"lazy\" decoding=\"async\" width=\"598\" height=\"204\" src=\"https:\/\/radiostudiow.com.br\/site\/wp-content\/uploads\/2025\/01\/SITE-MEDIO.png\" alt=\"\" class=\"wp-image-32810\" srcset=\"https:\/\/radiostudiow.com.br\/site\/wp-content\/uploads\/2025\/01\/SITE-MEDIO.png 598w, https:\/\/radiostudiow.com.br\/site\/wp-content\/uploads\/2025\/01\/SITE-MEDIO-300x102.png 300w\" sizes=\"auto, (max-width: 598px) 100vw, 598px\" \/><\/figure>\n\n\n\n<p>A ra\u00e7a do cachorro \u00e9 pitbull, segundo a PM.<\/p>\n\n\n\n<p>O caso causou indigna\u00e7\u00e3o na comunidade local, que exige provid\u00eancias e refor\u00e7o nas normas de seguran\u00e7a para a guarda de animais.\u00a0Moradores do bairro S\u00e3o Pedro relataram j\u00e1 ter presenciado outras situa\u00e7\u00f5es envolvendo c\u00e3es soltos nas ruas.<\/p>\n\n\n\n<p>A Pol\u00edcia Militar refor\u00e7a a import\u00e2ncia da guarda respons\u00e1vel de animais, especialmente os de ra\u00e7as consideradas de grande porte ou com potencial agressivo, para evitar riscos \u00e0 integridade f\u00edsica de pessoas, especialmente crian\u00e7as.<\/p>\n","protected":false},"excerpt":{"rendered":"<p>Uma crian\u00e7a de 10 anos foi atacada por um cachorro na tarde deste domingo, 01\u00b0 de junho, no bairro S\u00e3o Pedro, em Porto Uni\u00e3o, na divisa com Uni\u00e3o da Vit\u00f3ria.\u00a0O menino brincava na cal\u00e7ada quando foi surpreendido pelo animal, que teria pulado o muro de uma resid\u00eancia antes de iniciar o ataque. Segundo informa\u00e7\u00f5es preliminares [&hellip;]<\/p>\n","protected":false},"author":2,"featured_media":38977,"comment_status":"open","ping_status":"open","sticky":false,"template":"","format":"standard","meta":{"footnotes":""},"categories":[2],"tags":[172],"class_list":["post-38976","post","type-post","status-publish","format-standard","has-post-thumbnail","hentry","category-policial","tag-featured"],"amp_enabled":true,"_links":{"self":[{"href":"https:\/\/radiostudiow.com.br\/site\/wp-json\/wp\/v2\/posts\/38976","targetHints":{"allow":["GET"]}}],"collection":[{"href":"https:\/\/radiostudiow.com.br\/site\/wp-json\/wp\/v2\/posts"}],"about":[{"href":"https:\/\/radiostudiow.com.br\/site\/wp-json\/wp\/v2\/types\/post"}],"author":[{"embeddable":true,"href":"https:\/\/radiostudiow.com.br\/site\/wp-json\/wp\/v2\/users\/2"}],"replies":[{"embeddable":true,"href":"https:\/\/radiostudiow.com.br\/site\/wp-json\/wp\/v2\/comments?post=38976"}],"version-history":[{"count":1,"href":"https:\/\/radiostudiow.com.br\/site\/wp-json\/wp\/v2\/posts\/38976\/revisions"}],"predecessor-version":[{"id":38978,"href":"https:\/\/radiostudiow.com.br\/site\/wp-json\/wp\/v2\/posts\/38976\/revisions\/38978"}],"wp:featuredmedia":[{"embeddable":true,"href":"https:\/\/radiostudiow.com.br\/site\/wp-json\/wp\/v2\/media\/38977"}],"wp:attachment":[{"href":"https:\/\/radiostudiow.com.br\/site\/wp-json\/wp\/v2\/media?parent=38976"}],"wp:term":[{"taxonomy":"category","embeddable":true,"href":"https:\/\/radiostudiow.com.br\/site\/wp-json\/wp\/v2\/categories?post=38976"},{"taxonomy":"post_tag","embeddable":true,"href":"https:\/\/radiostudiow.com.br\/site\/wp-json\/wp\/v2\/tags?post=38976"}],"curies":[{"name":"wp","href":"https:\/\/api.w.org\/{rel}","templated":true}]}}