{"id":38979,"date":"2025-06-02T11:02:00","date_gmt":"2025-06-02T14:02:00","guid":{"rendered":"https:\/\/radiostudiow.com.br\/site\/?p=38979"},"modified":"2025-06-02T11:02:26","modified_gmt":"2025-06-02T14:02:26","slug":"morre-a-segunda-vitima-de-acidente-na-br-476-que-estava-dias-internado","status":"publish","type":"post","link":"https:\/\/radiostudiow.com.br\/site\/2025\/06\/02\/morre-a-segunda-vitima-de-acidente-na-br-476-que-estava-dias-internado\/","title":{"rendered":"Morre a segunda v\u00edtima de acidente na BR-476 que estava dias internado"},"content":{"rendered":"\n<figure class=\"wp-block-image size-full\"><img loading=\"lazy\" decoding=\"async\" width=\"300\" height=\"180\" src=\"https:\/\/radiostudiow.com.br\/site\/wp-content\/uploads\/2025\/04\/LOU.png\" alt=\"\" class=\"wp-image-37228\"\/><\/figure>\n\n\n\n<p><strong>Morreu neste s\u00e1bado, 31 de maio, em um hospital de Campo Largo\u00a0Geovane Michalski.<\/strong><\/p>\n\n\n\n<p>Ele estava em um GM\/Corsa de Paula Freitas que se envolveu em um acidente na madrugada do domingo, 25 de maio, na\u00a0BR-476 em Uni\u00e3o da Vit\u00f3ria.\u00a0<\/p>\n\n\n\n<p>Ele foi socorrido com&nbsp;ferimentos graves,&nbsp;inicialmetne foi levado ao hospital de Uni\u00e3o da Vit\u00f3ria e devido a gravidade de seu quadro foi transferido para o um hospital em Campo Largo.<\/p>\n\n\n\n<p>&nbsp;Ele passou por procedimentos m\u00e9dicos intensivos, mas seu quadro se agravou e ele faleceu na unidade hospitalar.<\/p>\n\n\n\n<figure class=\"wp-block-image size-full\"><img loading=\"lazy\" decoding=\"async\" width=\"598\" height=\"204\" src=\"https:\/\/radiostudiow.com.br\/site\/wp-content\/uploads\/2025\/04\/BOROX.png\" alt=\"\" class=\"wp-image-37229\" srcset=\"https:\/\/radiostudiow.com.br\/site\/wp-content\/uploads\/2025\/04\/BOROX.png 598w, https:\/\/radiostudiow.com.br\/site\/wp-content\/uploads\/2025\/04\/BOROX-300x102.png 300w\" sizes=\"auto, (max-width: 598px) 100vw, 598px\" \/><\/figure>\n\n\n\n<figure class=\"wp-block-image is-resized\"><img decoding=\"async\" src=\"https:\/\/static5.vvale.com.br\/wp-content\/uploads\/2025\/06\/503278356_122252865314019213_2379305969807876015_n-600x600.jpg\" alt=\"\" class=\"wp-image-567291\" style=\"width:471px;height:auto\"\/><\/figure>\n\n\n\n<p>Com essa confirma\u00e7\u00e3o,\u00a0o caso soma agora duas mortes.<\/p>\n\n\n\n<p>A primeira v\u00edtima j\u00e1 havia falecido no local da ocorr\u00eancia.\u00a0Edilson Fernandes, de 31 anos, ele conduzia um VW Gol azul, que colidiu violentamente contra o Corsa em que Geovane estava.<\/p>\n\n\n\n<figure class=\"wp-block-embed is-type-wp-embed is-provider-studio-w wp-block-embed-studio-w\"><div class=\"wp-block-embed__wrapper\">\n<blockquote class=\"wp-embedded-content\" data-secret=\"tH3v4uF7TH\"><a href=\"https:\/\/radiostudiow.com.br\/site\/2025\/05\/26\/homem-de-31-anos-morre-em-acidente-na-br-476-em-uniao-da-vitoria\/\">Homem de 31 anos morre em acidente na BR 476 em Uni\u00e3o da Vit\u00f3ria<\/a><\/blockquote><iframe loading=\"lazy\" class=\"wp-embedded-content\" sandbox=\"allow-scripts\" security=\"restricted\" style=\"position: absolute; visibility: hidden;\" title=\"&#8220;Homem de 31 anos morre em acidente na BR 476 em Uni\u00e3o da Vit\u00f3ria&#8221; &#8212; Studio W\" src=\"https:\/\/radiostudiow.com.br\/site\/2025\/05\/26\/homem-de-31-anos-morre-em-acidente-na-br-476-em-uniao-da-vitoria\/embed\/#?secret=kN3SY6gVhe#?secret=tH3v4uF7TH\" data-secret=\"tH3v4uF7TH\" width=\"600\" height=\"338\" frameborder=\"0\" marginwidth=\"0\" marginheight=\"0\" scrolling=\"no\"><\/iframe>\n<\/div><\/figure>\n","protected":false},"excerpt":{"rendered":"<p>Morreu neste s\u00e1bado, 31 de maio, em um hospital de Campo Largo\u00a0Geovane Michalski. Ele estava em um GM\/Corsa de Paula Freitas que se envolveu em um acidente na madrugada do domingo, 25 de maio, na\u00a0BR-476 em Uni\u00e3o da Vit\u00f3ria.\u00a0 Ele foi socorrido com&nbsp;ferimentos graves,&nbsp;inicialmetne foi levado ao hospital de Uni\u00e3o da Vit\u00f3ria e devido a [&hellip;]<\/p>\n","protected":false},"author":2,"featured_media":38980,"comment_status":"open","ping_status":"open","sticky":false,"template":"","format":"standard","meta":{"footnotes":""},"categories":[185],"tags":[172],"class_list":["post-38979","post","type-post","status-publish","format-standard","has-post-thumbnail","hentry","category-regional","tag-featured"],"amp_enabled":true,"_links":{"self":[{"href":"https:\/\/radiostudiow.com.br\/site\/wp-json\/wp\/v2\/posts\/38979","targetHints":{"allow":["GET"]}}],"collection":[{"href":"https:\/\/radiostudiow.com.br\/site\/wp-json\/wp\/v2\/posts"}],"about":[{"href":"https:\/\/radiostudiow.com.br\/site\/wp-json\/wp\/v2\/types\/post"}],"author":[{"embeddable":true,"href":"https:\/\/radiostudiow.com.br\/site\/wp-json\/wp\/v2\/users\/2"}],"replies":[{"embeddable":true,"href":"https:\/\/radiostudiow.com.br\/site\/wp-json\/wp\/v2\/comments?post=38979"}],"version-history":[{"count":2,"href":"https:\/\/radiostudiow.com.br\/site\/wp-json\/wp\/v2\/posts\/38979\/revisions"}],"predecessor-version":[{"id":38983,"href":"https:\/\/radiostudiow.com.br\/site\/wp-json\/wp\/v2\/posts\/38979\/revisions\/38983"}],"wp:featuredmedia":[{"embeddable":true,"href":"https:\/\/radiostudiow.com.br\/site\/wp-json\/wp\/v2\/media\/38980"}],"wp:attachment":[{"href":"https:\/\/radiostudiow.com.br\/site\/wp-json\/wp\/v2\/media?parent=38979"}],"wp:term":[{"taxonomy":"category","embeddable":true,"href":"https:\/\/radiostudiow.com.br\/site\/wp-json\/wp\/v2\/categories?post=38979"},{"taxonomy":"post_tag","embeddable":true,"href":"https:\/\/radiostudiow.com.br\/site\/wp-json\/wp\/v2\/tags?post=38979"}],"curies":[{"name":"wp","href":"https:\/\/api.w.org\/{rel}","templated":true}]}}