{"id":38987,"date":"2025-06-02T16:40:23","date_gmt":"2025-06-02T19:40:23","guid":{"rendered":"https:\/\/radiostudiow.com.br\/site\/?p=38987"},"modified":"2025-06-02T16:40:23","modified_gmt":"2025-06-02T19:40:23","slug":"homem-sofre-disparo-de-arma-de-fogo-em-uniao-da-vitoria","status":"publish","type":"post","link":"https:\/\/radiostudiow.com.br\/site\/2025\/06\/02\/homem-sofre-disparo-de-arma-de-fogo-em-uniao-da-vitoria\/","title":{"rendered":"Homem sofre disparo de arma de fogo\u00a0em Uni\u00e3o da Vit\u00f3ria"},"content":{"rendered":"\n<p><a href=\"https:\/\/radiostudiow.com.br\/site\/2025\/06\/02\/policia-militar-de-sao-joao-do-triunfo-recupera-motocicleta-furtada-durante-patrulhamento-em-evento\/?fbclid=IwZXh0bgNhZW0CMTEAYnJpZBExdnNxS3I4d3paWm5wZ3puSgEe-u67EfjkX_Urs2MctDBTVIeOj0CWhjbMnIoWwHIoj8-nm0QDc5OsHG7rqw4_aem_wvWDUk40KyDOA2MqllAKlQ\" target=\"_blank\" rel=\"noreferrer noopener\"><\/a><\/p>\n\n\n\n<p>Um homem foi atingido por um disparo de arma de fogo na Rua Alexandre Schlemm, no bairro S\u00e3o Bas\u00edlio Magno, em Uni\u00e3o da Vit\u00f3ria na tarde desta segunda-feira (02).<\/p>\n\n\n\n<p>A v\u00edtima recebeu atendimento do Corpo de Bombeiros e foi encaminhada para um hospital da cidade. Seu estado de sa\u00fade n\u00e3o foi divulgado.<\/p>\n\n\n\n<figure class=\"wp-block-image size-full\"><img loading=\"lazy\" decoding=\"async\" width=\"598\" height=\"204\" src=\"https:\/\/radiostudiow.com.br\/site\/wp-content\/uploads\/2025\/01\/SITE-MEDIO7.png\" alt=\"\" class=\"wp-image-32801\" srcset=\"https:\/\/radiostudiow.com.br\/site\/wp-content\/uploads\/2025\/01\/SITE-MEDIO7.png 598w, https:\/\/radiostudiow.com.br\/site\/wp-content\/uploads\/2025\/01\/SITE-MEDIO7-300x102.png 300w\" sizes=\"auto, (max-width: 598px) 100vw, 598px\" \/><\/figure>\n\n\n\n<p>Segundo informa\u00e7\u00f5es da Pol\u00edcia Militar, suspeitos de envolvimento na ocorr\u00eancia foram levados \u00e0 4\u00aa Subdivis\u00e3o Policial para prestar depoimento.<\/p>\n\n\n\n<p>At\u00e9 o momento, a motiva\u00e7\u00e3o do crime n\u00e3o foi informada pelas equipes da Pol\u00edcia Civil e da Pol\u00edcia Militar, que seguem investigando o caso.<\/p>\n","protected":false},"excerpt":{"rendered":"<p>Um homem foi atingido por um disparo de arma de fogo na Rua Alexandre Schlemm, no bairro S\u00e3o Bas\u00edlio Magno, em Uni\u00e3o da Vit\u00f3ria na tarde desta segunda-feira (02). A v\u00edtima recebeu atendimento do Corpo de Bombeiros e foi encaminhada para um hospital da cidade. Seu estado de sa\u00fade n\u00e3o foi divulgado. Segundo informa\u00e7\u00f5es da [&hellip;]<\/p>\n","protected":false},"author":2,"featured_media":38326,"comment_status":"open","ping_status":"open","sticky":false,"template":"","format":"standard","meta":{"footnotes":""},"categories":[2],"tags":[172],"class_list":["post-38987","post","type-post","status-publish","format-standard","has-post-thumbnail","hentry","category-policial","tag-featured"],"amp_enabled":true,"_links":{"self":[{"href":"https:\/\/radiostudiow.com.br\/site\/wp-json\/wp\/v2\/posts\/38987","targetHints":{"allow":["GET"]}}],"collection":[{"href":"https:\/\/radiostudiow.com.br\/site\/wp-json\/wp\/v2\/posts"}],"about":[{"href":"https:\/\/radiostudiow.com.br\/site\/wp-json\/wp\/v2\/types\/post"}],"author":[{"embeddable":true,"href":"https:\/\/radiostudiow.com.br\/site\/wp-json\/wp\/v2\/users\/2"}],"replies":[{"embeddable":true,"href":"https:\/\/radiostudiow.com.br\/site\/wp-json\/wp\/v2\/comments?post=38987"}],"version-history":[{"count":1,"href":"https:\/\/radiostudiow.com.br\/site\/wp-json\/wp\/v2\/posts\/38987\/revisions"}],"predecessor-version":[{"id":38990,"href":"https:\/\/radiostudiow.com.br\/site\/wp-json\/wp\/v2\/posts\/38987\/revisions\/38990"}],"wp:featuredmedia":[{"embeddable":true,"href":"https:\/\/radiostudiow.com.br\/site\/wp-json\/wp\/v2\/media\/38326"}],"wp:attachment":[{"href":"https:\/\/radiostudiow.com.br\/site\/wp-json\/wp\/v2\/media?parent=38987"}],"wp:term":[{"taxonomy":"category","embeddable":true,"href":"https:\/\/radiostudiow.com.br\/site\/wp-json\/wp\/v2\/categories?post=38987"},{"taxonomy":"post_tag","embeddable":true,"href":"https:\/\/radiostudiow.com.br\/site\/wp-json\/wp\/v2\/tags?post=38987"}],"curies":[{"name":"wp","href":"https:\/\/api.w.org\/{rel}","templated":true}]}}