{"id":39001,"date":"2025-06-02T19:31:30","date_gmt":"2025-06-02T22:31:30","guid":{"rendered":"https:\/\/radiostudiow.com.br\/site\/?p=39001"},"modified":"2025-06-02T19:31:31","modified_gmt":"2025-06-02T22:31:31","slug":"policia-civil-reforca-combate-aos-abusos-contra-criancas-e-adolescentes-com-acoes-nas-escolas-da-comarca-de-mallet","status":"publish","type":"post","link":"https:\/\/radiostudiow.com.br\/site\/2025\/06\/02\/policia-civil-reforca-combate-aos-abusos-contra-criancas-e-adolescentes-com-acoes-nas-escolas-da-comarca-de-mallet\/","title":{"rendered":"Pol\u00edcia Civil refor\u00e7a combate aos abusos contra crian\u00e7as e adolescentes com a\u00e7\u00f5es nas escolas da comarca de Mallet"},"content":{"rendered":"\n<p><\/p>\n\n\n\n<figure class=\"wp-block-image size-full\"><img loading=\"lazy\" decoding=\"async\" width=\"897\" height=\"204\" src=\"https:\/\/radiostudiow.com.br\/site\/wp-content\/uploads\/2025\/03\/image-62.png\" alt=\"\" class=\"wp-image-35859\" srcset=\"https:\/\/radiostudiow.com.br\/site\/wp-content\/uploads\/2025\/03\/image-62.png 897w, https:\/\/radiostudiow.com.br\/site\/wp-content\/uploads\/2025\/03\/image-62-300x68.png 300w, https:\/\/radiostudiow.com.br\/site\/wp-content\/uploads\/2025\/03\/image-62-768x175.png 768w\" sizes=\"auto, (max-width: 897px) 100vw, 897px\" \/><\/figure>\n\n\n\n<p><\/p>\n\n\n\n<p>A 10\u00aa Delegacia Regional de Pol\u00edcia Civil de Mallet, sob a lideran\u00e7a do delegado Dr. Donizete de Arruda Gordiano, tem intensificado sua atua\u00e7\u00e3o junto \u00e0 comunidade escolar da comarca de Mallet \u2013 que abrange tamb\u00e9m o munic\u00edpio de Paulo Frontin \u2013 com iniciativas voltadas \u00e0 conscientiza\u00e7\u00e3o e ao combate \u00e0 viol\u00eancia sexual infantojuvenil.<\/p>\n\n\n\n<p>Em alus\u00e3o ao <strong>Dia Nacional de Combate ao Abuso e \u00e0 Explora\u00e7\u00e3o Sexual de Crian\u00e7as e Adolescentes<\/strong>, lembrado em 18 de maio, a equipe da Pol\u00edcia Civil participou de uma importante a\u00e7\u00e3o educativa no dia 26 de maio, com a realiza\u00e7\u00e3o de uma palestra em uma escola de Paulo Frontin.<\/p>\n\n\n\n<figure class=\"wp-block-image size-full\"><img loading=\"lazy\" decoding=\"async\" width=\"598\" height=\"204\" src=\"https:\/\/radiostudiow.com.br\/site\/wp-content\/uploads\/2025\/05\/BEAZY.jpg.png\" alt=\"\" class=\"wp-image-38197\" srcset=\"https:\/\/radiostudiow.com.br\/site\/wp-content\/uploads\/2025\/05\/BEAZY.jpg.png 598w, https:\/\/radiostudiow.com.br\/site\/wp-content\/uploads\/2025\/05\/BEAZY.jpg-300x102.png 300w\" sizes=\"auto, (max-width: 598px) 100vw, 598px\" \/><\/figure>\n\n\n\n<p><\/p>\n\n\n\n<figure class=\"wp-block-image size-large\"><img loading=\"lazy\" decoding=\"async\" width=\"1024\" height=\"576\" src=\"https:\/\/radiostudiow.com.br\/site\/wp-content\/uploads\/2025\/06\/499233844_689484697376160_1751817728588576411_n-1-1024x576.jpg\" alt=\"\" class=\"wp-image-39002\" srcset=\"https:\/\/radiostudiow.com.br\/site\/wp-content\/uploads\/2025\/06\/499233844_689484697376160_1751817728588576411_n-1-1024x576.jpg 1024w, https:\/\/radiostudiow.com.br\/site\/wp-content\/uploads\/2025\/06\/499233844_689484697376160_1751817728588576411_n-1-300x169.jpg 300w, https:\/\/radiostudiow.com.br\/site\/wp-content\/uploads\/2025\/06\/499233844_689484697376160_1751817728588576411_n-1-768x432.jpg 768w, https:\/\/radiostudiow.com.br\/site\/wp-content\/uploads\/2025\/06\/499233844_689484697376160_1751817728588576411_n-1.jpg 1280w\" sizes=\"auto, (max-width: 1024px) 100vw, 1024px\" \/><\/figure>\n\n\n\n<p><\/p>\n\n\n\n<figure class=\"wp-block-image size-full\"><img loading=\"lazy\" decoding=\"async\" width=\"598\" height=\"204\" src=\"https:\/\/radiostudiow.com.br\/site\/wp-content\/uploads\/2025\/05\/POLAK.png\" alt=\"\" class=\"wp-image-37847\" srcset=\"https:\/\/radiostudiow.com.br\/site\/wp-content\/uploads\/2025\/05\/POLAK.png 598w, https:\/\/radiostudiow.com.br\/site\/wp-content\/uploads\/2025\/05\/POLAK-300x102.png 300w\" sizes=\"auto, (max-width: 598px) 100vw, 598px\" \/><\/figure>\n\n\n\n<p>Durante o encontro, os policiais abordaram temas sens\u00edveis, mas essenciais, com os alunos, destacando a import\u00e2ncia de se reconhecer sinais de abuso, de n\u00e3o se calar diante de situa\u00e7\u00f5es de viol\u00eancia e, principalmente, de denunciar.<\/p>\n\n\n\n<p>A conversa foi marcada por orienta\u00e7\u00f5es pr\u00e1ticas e acess\u00edveis, promovendo um ambiente de confian\u00e7a e acolhimento.<\/p>\n\n\n\n<h2 class=\"wp-block-heading\">O delegado Dr. Donizete destacou a relev\u00e2ncia de a\u00e7\u00f5es como essa:<\/h2>\n\n\n\n<p><strong>&#8220;\u00c9 fundamental levarmos esse tipo de informa\u00e7\u00e3o \u00e0s escolas. O retorno \u00e9 muito positivo. Os alunos se mostram atentos, interessados e abertos ao di\u00e1logo. Essa aproxima\u00e7\u00e3o faz toda a diferen\u00e7a na preven\u00e7\u00e3o e na identifica\u00e7\u00e3o precoce de situa\u00e7\u00f5es de risco.&#8221;<\/strong><\/p>\n\n\n\n<p>Segundo o delegado, a iniciativa ser\u00e1 ampliada para outras escolas da regi\u00e3o, tanto em Mallet quanto em Paulo Frontin, como parte de uma estrat\u00e9gia cont\u00ednua de preven\u00e7\u00e3o e combate a crimes contra crian\u00e7as e adolescentes.<\/p>\n\n\n\n<p>A Pol\u00edcia Civil do Paran\u00e1 refor\u00e7a que <strong>a den\u00fancia \u00e9 uma ferramenta vital<\/strong>. Casos de abuso ou explora\u00e7\u00e3o sexual devem ser reportados \u00e0s autoridades para que os autores sejam responsabilizados e, mais importante ainda, para que as v\u00edtimas recebam o acolhimento e a prote\u00e7\u00e3o de que necessitam.<\/p>\n\n\n\n<figure class=\"wp-block-image size-full\"><img loading=\"lazy\" decoding=\"async\" width=\"598\" height=\"204\" src=\"https:\/\/radiostudiow.com.br\/site\/wp-content\/uploads\/2024\/10\/labirati.png\" alt=\"\" class=\"wp-image-28854\" srcset=\"https:\/\/radiostudiow.com.br\/site\/wp-content\/uploads\/2024\/10\/labirati.png 598w, https:\/\/radiostudiow.com.br\/site\/wp-content\/uploads\/2024\/10\/labirati-300x102.png 300w\" sizes=\"auto, (max-width: 598px) 100vw, 598px\" \/><\/figure>\n\n\n\n<p><\/p>\n\n\n\n<p><strong>Denunciar salva vidas.<\/strong> Se voc\u00ea tem conhecimento de que alguma crian\u00e7a ou adolescente est\u00e1 sendo v\u00edtima de viol\u00eancia, n\u00e3o se cale. Sua den\u00fancia pode mudar um destino.<\/p>\n\n\n\n<h2 class=\"wp-block-heading\">Fonte: 10\u00aa DRP de Mallet\/Reda\u00e7\u00e3o W Not\u00edcias<\/h2>\n\n\n\n<p><\/p>\n","protected":false},"excerpt":{"rendered":"<p>A 10\u00aa Delegacia Regional de Pol\u00edcia Civil de Mallet, sob a lideran\u00e7a do delegado Dr. Donizete de Arruda Gordiano, tem intensificado sua atua\u00e7\u00e3o junto \u00e0 comunidade escolar da comarca de Mallet \u2013 que abrange tamb\u00e9m o munic\u00edpio de Paulo Frontin \u2013 com iniciativas voltadas \u00e0 conscientiza\u00e7\u00e3o e ao combate \u00e0 viol\u00eancia sexual infantojuvenil. Em alus\u00e3o [&hellip;]<\/p>\n","protected":false},"author":2,"featured_media":39003,"comment_status":"open","ping_status":"open","sticky":false,"template":"","format":"standard","meta":{"footnotes":""},"categories":[184],"tags":[172],"class_list":["post-39001","post","type-post","status-publish","format-standard","has-post-thumbnail","hentry","category-local","tag-featured"],"amp_enabled":true,"_links":{"self":[{"href":"https:\/\/radiostudiow.com.br\/site\/wp-json\/wp\/v2\/posts\/39001","targetHints":{"allow":["GET"]}}],"collection":[{"href":"https:\/\/radiostudiow.com.br\/site\/wp-json\/wp\/v2\/posts"}],"about":[{"href":"https:\/\/radiostudiow.com.br\/site\/wp-json\/wp\/v2\/types\/post"}],"author":[{"embeddable":true,"href":"https:\/\/radiostudiow.com.br\/site\/wp-json\/wp\/v2\/users\/2"}],"replies":[{"embeddable":true,"href":"https:\/\/radiostudiow.com.br\/site\/wp-json\/wp\/v2\/comments?post=39001"}],"version-history":[{"count":1,"href":"https:\/\/radiostudiow.com.br\/site\/wp-json\/wp\/v2\/posts\/39001\/revisions"}],"predecessor-version":[{"id":39004,"href":"https:\/\/radiostudiow.com.br\/site\/wp-json\/wp\/v2\/posts\/39001\/revisions\/39004"}],"wp:featuredmedia":[{"embeddable":true,"href":"https:\/\/radiostudiow.com.br\/site\/wp-json\/wp\/v2\/media\/39003"}],"wp:attachment":[{"href":"https:\/\/radiostudiow.com.br\/site\/wp-json\/wp\/v2\/media?parent=39001"}],"wp:term":[{"taxonomy":"category","embeddable":true,"href":"https:\/\/radiostudiow.com.br\/site\/wp-json\/wp\/v2\/categories?post=39001"},{"taxonomy":"post_tag","embeddable":true,"href":"https:\/\/radiostudiow.com.br\/site\/wp-json\/wp\/v2\/tags?post=39001"}],"curies":[{"name":"wp","href":"https:\/\/api.w.org\/{rel}","templated":true}]}}