{"id":39005,"date":"2025-06-03T10:38:25","date_gmt":"2025-06-03T13:38:25","guid":{"rendered":"https:\/\/radiostudiow.com.br\/site\/?p=39005"},"modified":"2025-06-03T10:38:42","modified_gmt":"2025-06-03T13:38:42","slug":"grave-acidente-entre-caminhoes-mobiliza-equipes-de-resgate-na-br-277-na-serra-da-esperanca","status":"publish","type":"post","link":"https:\/\/radiostudiow.com.br\/site\/2025\/06\/03\/grave-acidente-entre-caminhoes-mobiliza-equipes-de-resgate-na-br-277-na-serra-da-esperanca\/","title":{"rendered":"V\u00cdDEO: Grave acidente entre caminh\u00f5es mobiliza equipes de resgate na BR-277, na Serra da Esperan\u00e7a"},"content":{"rendered":"\n<figure class=\"wp-block-image size-full\"><img loading=\"lazy\" decoding=\"async\" width=\"300\" height=\"180\" src=\"https:\/\/radiostudiow.com.br\/site\/wp-content\/uploads\/2025\/05\/SITE-PEQUENO.jpg\" alt=\"\" class=\"wp-image-38684\"\/><\/figure>\n\n\n\n<p>Um grave acidente foi registrado na tarde desta segunda-feira, 2 de junho, na BR-277, trecho conhecido como Serra da Esperan\u00e7a, na divisa entre os munic\u00edpios de Prudent\u00f3polis e Guarapuava. A colis\u00e3o envolveu dois caminh\u00f5es e causou grande movimenta\u00e7\u00e3o no local.<\/p>\n\n\n\n<p>Segundo as primeiras informa\u00e7\u00f5es, a ocorr\u00eancia teria sido provocada por uma colis\u00e3o traseira, que resultou em um dos ve\u00edculos saindo da pista e pegando fogo logo em seguida. O cen\u00e1rio exigiu r\u00e1pida resposta das equipes de emerg\u00eancia.<\/p>\n\n\n\n<p>O Corpo de Bombeiros Militares de Prudent\u00f3polis foi acionado e se deslocou imediatamente at\u00e9 o local do acidente para realizar o atendimento e conter as chamas. A Pol\u00edcia Rodovi\u00e1ria Federal (PRF) tamb\u00e9m esteve presente, coordenando os trabalhos e garantindo a seguran\u00e7a da via.<\/p>\n\n\n\n<figure class=\"wp-block-image size-full\"><img loading=\"lazy\" decoding=\"async\" width=\"598\" height=\"204\" src=\"https:\/\/radiostudiow.com.br\/site\/wp-content\/uploads\/2025\/01\/SITE-MEDIO.png\" alt=\"\" class=\"wp-image-32810\" srcset=\"https:\/\/radiostudiow.com.br\/site\/wp-content\/uploads\/2025\/01\/SITE-MEDIO.png 598w, https:\/\/radiostudiow.com.br\/site\/wp-content\/uploads\/2025\/01\/SITE-MEDIO-300x102.png 300w\" sizes=\"auto, (max-width: 598px) 100vw, 598px\" \/><\/figure>\n\n\n\n<p>Populares relataram que o tr\u00e2nsito na pista sentido Guarapuava\u2013Prudent\u00f3polis (descida da serra) ficou completamente paralisado durante o atendimento da ocorr\u00eancia, formando filas e gerando preocupa\u00e7\u00e3o entre os motoristas que passavam pela regi\u00e3o.<\/p>\n\n\n\n<p>Um dos condutores foi socorrido em estado grave e encaminhado ao Hospital Santa Tereza. O outro motorista, felizmente, saiu ileso.<\/p>\n\n\n\n<p>As causas exatas do acidente ainda ser\u00e3o apuradas pelas autoridades competentes. A PRF orienta que motoristas redobrem a aten\u00e7\u00e3o ao trafegar por trechos de serra, principalmente em condi\u00e7\u00f5es de tr\u00e1fego intenso ou pista molhada.<\/p>\n\n\n\n<figure class=\"wp-block-video\"><video height=\"478\" style=\"aspect-ratio: 848 \/ 478;\" width=\"848\" controls src=\"https:\/\/radiostudiow.com.br\/site\/wp-content\/uploads\/2025\/06\/WhatsApp-Video-2025-06-02-at-19.44.58.mp4\"><\/video><\/figure>\n","protected":false},"excerpt":{"rendered":"<p>Um grave acidente foi registrado na tarde desta segunda-feira, 2 de junho, na BR-277, trecho conhecido como Serra da Esperan\u00e7a, na divisa entre os munic\u00edpios de Prudent\u00f3polis e Guarapuava. A colis\u00e3o envolveu dois caminh\u00f5es e causou grande movimenta\u00e7\u00e3o no local. Segundo as primeiras informa\u00e7\u00f5es, a ocorr\u00eancia teria sido provocada por uma colis\u00e3o traseira, que resultou [&hellip;]<\/p>\n","protected":false},"author":2,"featured_media":39007,"comment_status":"open","ping_status":"open","sticky":false,"template":"","format":"video","meta":{"footnotes":""},"categories":[185],"tags":[172],"class_list":["post-39005","post","type-post","status-publish","format-video","has-post-thumbnail","hentry","category-regional","tag-featured","post_format-post-format-video"],"amp_enabled":true,"_links":{"self":[{"href":"https:\/\/radiostudiow.com.br\/site\/wp-json\/wp\/v2\/posts\/39005","targetHints":{"allow":["GET"]}}],"collection":[{"href":"https:\/\/radiostudiow.com.br\/site\/wp-json\/wp\/v2\/posts"}],"about":[{"href":"https:\/\/radiostudiow.com.br\/site\/wp-json\/wp\/v2\/types\/post"}],"author":[{"embeddable":true,"href":"https:\/\/radiostudiow.com.br\/site\/wp-json\/wp\/v2\/users\/2"}],"replies":[{"embeddable":true,"href":"https:\/\/radiostudiow.com.br\/site\/wp-json\/wp\/v2\/comments?post=39005"}],"version-history":[{"count":2,"href":"https:\/\/radiostudiow.com.br\/site\/wp-json\/wp\/v2\/posts\/39005\/revisions"}],"predecessor-version":[{"id":39009,"href":"https:\/\/radiostudiow.com.br\/site\/wp-json\/wp\/v2\/posts\/39005\/revisions\/39009"}],"wp:featuredmedia":[{"embeddable":true,"href":"https:\/\/radiostudiow.com.br\/site\/wp-json\/wp\/v2\/media\/39007"}],"wp:attachment":[{"href":"https:\/\/radiostudiow.com.br\/site\/wp-json\/wp\/v2\/media?parent=39005"}],"wp:term":[{"taxonomy":"category","embeddable":true,"href":"https:\/\/radiostudiow.com.br\/site\/wp-json\/wp\/v2\/categories?post=39005"},{"taxonomy":"post_tag","embeddable":true,"href":"https:\/\/radiostudiow.com.br\/site\/wp-json\/wp\/v2\/tags?post=39005"}],"curies":[{"name":"wp","href":"https:\/\/api.w.org\/{rel}","templated":true}]}}