{"id":39010,"date":"2025-06-03T10:45:08","date_gmt":"2025-06-03T13:45:08","guid":{"rendered":"https:\/\/radiostudiow.com.br\/site\/?p=39010"},"modified":"2025-06-03T10:45:09","modified_gmt":"2025-06-03T13:45:09","slug":"marido-e-condenado-por-feminicidio-de-jovem-natural-de-bituruna","status":"publish","type":"post","link":"https:\/\/radiostudiow.com.br\/site\/2025\/06\/03\/marido-e-condenado-por-feminicidio-de-jovem-natural-de-bituruna\/","title":{"rendered":"Marido \u00e9 condenado por feminic\u00eddio de jovem natural de Bituruna"},"content":{"rendered":"\n<figure class=\"wp-block-image size-full\"><img loading=\"lazy\" decoding=\"async\" width=\"598\" height=\"204\" src=\"https:\/\/radiostudiow.com.br\/site\/wp-content\/uploads\/2025\/01\/SITE-MEDIO3.png\" alt=\"\" class=\"wp-image-32815\" srcset=\"https:\/\/radiostudiow.com.br\/site\/wp-content\/uploads\/2025\/01\/SITE-MEDIO3.png 598w, https:\/\/radiostudiow.com.br\/site\/wp-content\/uploads\/2025\/01\/SITE-MEDIO3-300x102.png 300w\" sizes=\"auto, (max-width: 598px) 100vw, 598px\" \/><\/figure>\n\n\n\n<p>Depois de mais de 15 horas de julgamento no F\u00f3rum de Fazenda Rio Grande, Adriano Jos\u00e9 Meister, de 40 anos, foi condenado a 21 anos e quatro meses de pris\u00e3o em regime fechado.<\/p>\n\n\n\n<p>Ele matou e escondeu o corpo da esposa Ana Paula Proen\u00e7a Almeida, de 25 anos, no fim de 2020. A v\u00edtima era natural de Bituruna, mas o casal vivia em Fazenda Rio Grande, na Regi\u00e3o Metropolitana de Curitiba.<\/p>\n\n\n\n<p>Adriano foi condenado por homic\u00eddio qualificado e oculta\u00e7\u00e3o de cad\u00e1ver. Ele n\u00e3o poder\u00e1 recorrer em liberdade e permanecer\u00e1 preso na Casa de Cust\u00f3dia de S\u00e3o Jos\u00e9 dos Pinhais, onde j\u00e1 se encontrava desde que confessou o crime.<\/p>\n\n\n\n<p>O Tribunal do J\u00fari foi marcado por discuss\u00f5es acaloradas entre os advogados de defesa e o promotor de justi\u00e7a. A sess\u00e3o foi longa.<\/p>\n\n\n\n<figure class=\"wp-block-image size-full\"><img loading=\"lazy\" decoding=\"async\" width=\"640\" height=\"360\" src=\"https:\/\/radiostudiow.com.br\/site\/wp-content\/uploads\/2025\/06\/08.jpg\" alt=\"\" class=\"wp-image-39013\" srcset=\"https:\/\/radiostudiow.com.br\/site\/wp-content\/uploads\/2025\/06\/08.jpg 640w, https:\/\/radiostudiow.com.br\/site\/wp-content\/uploads\/2025\/06\/08-300x169.jpg 300w\" sizes=\"auto, (max-width: 640px) 100vw, 640px\" \/><\/figure>\n\n\n\n<figure class=\"wp-block-image size-full\"><img loading=\"lazy\" decoding=\"async\" width=\"598\" height=\"204\" src=\"https:\/\/radiostudiow.com.br\/site\/wp-content\/uploads\/2025\/04\/BOROX.png\" alt=\"\" class=\"wp-image-37229\" srcset=\"https:\/\/radiostudiow.com.br\/site\/wp-content\/uploads\/2025\/04\/BOROX.png 598w, https:\/\/radiostudiow.com.br\/site\/wp-content\/uploads\/2025\/04\/BOROX-300x102.png 300w\" sizes=\"auto, (max-width: 598px) 100vw, 598px\" \/><\/figure>\n\n\n\n<h2 class=\"wp-block-heading\">O caso<\/h2>\n\n\n\n<p><strong>Ana Paula sumiu em 21 de dezembro de 2020. No dia seguinte, a fam\u00edlia registrou boletim de ocorr\u00eancia.<\/strong><\/p>\n\n\n\n<p>O marido alegou que ela saiu para trabalhar e n\u00e3o voltou. Ele ainda fez apelos p\u00fablicos pedindo seu retorno, mesmo j\u00e1 tendo cometido o crime.<\/p>\n\n\n\n<p>Em 3 de janeiro de 2021, ap\u00f3s mandado de pris\u00e3o preventiva, Adriano confessou o assassinato e revelou onde havia enterrado o corpo: nos fundos da casa onde viviam.<\/p>\n\n\n\n<figure class=\"wp-block-image size-full\"><img loading=\"lazy\" decoding=\"async\" width=\"720\" height=\"980\" src=\"https:\/\/radiostudiow.com.br\/site\/wp-content\/uploads\/2025\/06\/09.png\" alt=\"\" class=\"wp-image-39011\" srcset=\"https:\/\/radiostudiow.com.br\/site\/wp-content\/uploads\/2025\/06\/09.png 720w, https:\/\/radiostudiow.com.br\/site\/wp-content\/uploads\/2025\/06\/09-220x300.png 220w\" sizes=\"auto, (max-width: 720px) 100vw, 720px\" \/><\/figure>\n","protected":false},"excerpt":{"rendered":"<p>Depois de mais de 15 horas de julgamento no F\u00f3rum de Fazenda Rio Grande, Adriano Jos\u00e9 Meister, de 40 anos, foi condenado a 21 anos e quatro meses de pris\u00e3o em regime fechado. Ele matou e escondeu o corpo da esposa Ana Paula Proen\u00e7a Almeida, de 25 anos, no fim de 2020. A v\u00edtima era [&hellip;]<\/p>\n","protected":false},"author":2,"featured_media":39012,"comment_status":"open","ping_status":"open","sticky":false,"template":"","format":"standard","meta":{"footnotes":""},"categories":[2],"tags":[172],"class_list":["post-39010","post","type-post","status-publish","format-standard","has-post-thumbnail","hentry","category-policial","tag-featured"],"amp_enabled":true,"_links":{"self":[{"href":"https:\/\/radiostudiow.com.br\/site\/wp-json\/wp\/v2\/posts\/39010","targetHints":{"allow":["GET"]}}],"collection":[{"href":"https:\/\/radiostudiow.com.br\/site\/wp-json\/wp\/v2\/posts"}],"about":[{"href":"https:\/\/radiostudiow.com.br\/site\/wp-json\/wp\/v2\/types\/post"}],"author":[{"embeddable":true,"href":"https:\/\/radiostudiow.com.br\/site\/wp-json\/wp\/v2\/users\/2"}],"replies":[{"embeddable":true,"href":"https:\/\/radiostudiow.com.br\/site\/wp-json\/wp\/v2\/comments?post=39010"}],"version-history":[{"count":1,"href":"https:\/\/radiostudiow.com.br\/site\/wp-json\/wp\/v2\/posts\/39010\/revisions"}],"predecessor-version":[{"id":39014,"href":"https:\/\/radiostudiow.com.br\/site\/wp-json\/wp\/v2\/posts\/39010\/revisions\/39014"}],"wp:featuredmedia":[{"embeddable":true,"href":"https:\/\/radiostudiow.com.br\/site\/wp-json\/wp\/v2\/media\/39012"}],"wp:attachment":[{"href":"https:\/\/radiostudiow.com.br\/site\/wp-json\/wp\/v2\/media?parent=39010"}],"wp:term":[{"taxonomy":"category","embeddable":true,"href":"https:\/\/radiostudiow.com.br\/site\/wp-json\/wp\/v2\/categories?post=39010"},{"taxonomy":"post_tag","embeddable":true,"href":"https:\/\/radiostudiow.com.br\/site\/wp-json\/wp\/v2\/tags?post=39010"}],"curies":[{"name":"wp","href":"https:\/\/api.w.org\/{rel}","templated":true}]}}