{"id":39015,"date":"2025-06-03T10:52:30","date_gmt":"2025-06-03T13:52:30","guid":{"rendered":"https:\/\/radiostudiow.com.br\/site\/?p=39015"},"modified":"2025-06-03T10:52:30","modified_gmt":"2025-06-03T13:52:30","slug":"adolescente-e-encaminhada-para-delegacia-apos-agredir-sua-mae-em-uniao-da-vitoria","status":"publish","type":"post","link":"https:\/\/radiostudiow.com.br\/site\/2025\/06\/03\/adolescente-e-encaminhada-para-delegacia-apos-agredir-sua-mae-em-uniao-da-vitoria\/","title":{"rendered":"Adolescente \u00e9 encaminhada para Delegacia ap\u00f3s agredir sua m\u00e3e em Uni\u00e3o da Vit\u00f3ria"},"content":{"rendered":"\n<p>A equipe da Pol\u00edcia Militar de Uni\u00e3o da Vit\u00f3ria foi acionada para atender ocorr\u00eancia danos e amea\u00e7a no bairro Nossa Senhora da Salete por volta das 10h30min dessa segunda-feira (02).<\/p>\n\n\n\n<p>De acordo com a solicita\u00e7\u00e3o, o caso envolvia uma adolescente que teria danificado o carro do namorado e amea\u00e7ado a pr\u00f3pria m\u00e3e.<\/p>\n\n\n\n<figure class=\"wp-block-image size-full\"><img loading=\"lazy\" decoding=\"async\" width=\"897\" height=\"204\" src=\"https:\/\/radiostudiow.com.br\/site\/wp-content\/uploads\/2024\/01\/SITE-GRANDE3.png\" alt=\"zaions\" class=\"wp-image-18936\" srcset=\"https:\/\/radiostudiow.com.br\/site\/wp-content\/uploads\/2024\/01\/SITE-GRANDE3.png 897w, https:\/\/radiostudiow.com.br\/site\/wp-content\/uploads\/2024\/01\/SITE-GRANDE3-300x68.png 300w, https:\/\/radiostudiow.com.br\/site\/wp-content\/uploads\/2024\/01\/SITE-GRANDE3-768x175.png 768w\" sizes=\"auto, (max-width: 897px) 100vw, 897px\" \/><\/figure>\n\n\n\n<p>No local, a m\u00e3e relatou que a filha discutiu com o namorado, quebrou o carro e a agrediu, deixando marcas no pesco\u00e7o e rasgando sua blusa. A adolescente confirmou a discuss\u00e3o, mas negou ter causado danos ao ve\u00edculo.<\/p>\n\n\n\n<p>O Conselho Tutelar foi acionado, prestou apoio e encaminhou a menor \u00e0 UPA e, posteriormente, \u00e0 4\u00aa SDP.<\/p>\n","protected":false},"excerpt":{"rendered":"<p>A equipe da Pol\u00edcia Militar de Uni\u00e3o da Vit\u00f3ria foi acionada para atender ocorr\u00eancia danos e amea\u00e7a no bairro Nossa Senhora da Salete por volta das 10h30min dessa segunda-feira (02). De acordo com a solicita\u00e7\u00e3o, o caso envolvia uma adolescente que teria danificado o carro do namorado e amea\u00e7ado a pr\u00f3pria m\u00e3e. No local, a [&hellip;]<\/p>\n","protected":false},"author":2,"featured_media":33000,"comment_status":"open","ping_status":"open","sticky":false,"template":"","format":"standard","meta":{"footnotes":""},"categories":[2],"tags":[172],"class_list":["post-39015","post","type-post","status-publish","format-standard","has-post-thumbnail","hentry","category-policial","tag-featured"],"amp_enabled":true,"_links":{"self":[{"href":"https:\/\/radiostudiow.com.br\/site\/wp-json\/wp\/v2\/posts\/39015","targetHints":{"allow":["GET"]}}],"collection":[{"href":"https:\/\/radiostudiow.com.br\/site\/wp-json\/wp\/v2\/posts"}],"about":[{"href":"https:\/\/radiostudiow.com.br\/site\/wp-json\/wp\/v2\/types\/post"}],"author":[{"embeddable":true,"href":"https:\/\/radiostudiow.com.br\/site\/wp-json\/wp\/v2\/users\/2"}],"replies":[{"embeddable":true,"href":"https:\/\/radiostudiow.com.br\/site\/wp-json\/wp\/v2\/comments?post=39015"}],"version-history":[{"count":2,"href":"https:\/\/radiostudiow.com.br\/site\/wp-json\/wp\/v2\/posts\/39015\/revisions"}],"predecessor-version":[{"id":39017,"href":"https:\/\/radiostudiow.com.br\/site\/wp-json\/wp\/v2\/posts\/39015\/revisions\/39017"}],"wp:featuredmedia":[{"embeddable":true,"href":"https:\/\/radiostudiow.com.br\/site\/wp-json\/wp\/v2\/media\/33000"}],"wp:attachment":[{"href":"https:\/\/radiostudiow.com.br\/site\/wp-json\/wp\/v2\/media?parent=39015"}],"wp:term":[{"taxonomy":"category","embeddable":true,"href":"https:\/\/radiostudiow.com.br\/site\/wp-json\/wp\/v2\/categories?post=39015"},{"taxonomy":"post_tag","embeddable":true,"href":"https:\/\/radiostudiow.com.br\/site\/wp-json\/wp\/v2\/tags?post=39015"}],"curies":[{"name":"wp","href":"https:\/\/api.w.org\/{rel}","templated":true}]}}