{"id":39019,"date":"2025-06-03T21:27:04","date_gmt":"2025-06-04T00:27:04","guid":{"rendered":"https:\/\/radiostudiow.com.br\/site\/?p=39019"},"modified":"2025-06-03T21:27:05","modified_gmt":"2025-06-04T00:27:05","slug":"policia-militar-de-mallet-recupera-arma-furtada-apos-rapida-investigacao-e-abordagem-no-bairro-vila-choma","status":"publish","type":"post","link":"https:\/\/radiostudiow.com.br\/site\/2025\/06\/03\/policia-militar-de-mallet-recupera-arma-furtada-apos-rapida-investigacao-e-abordagem-no-bairro-vila-choma\/","title":{"rendered":"Pol\u00edcia Militar de Mallet recupera arma furtada ap\u00f3s r\u00e1pida investiga\u00e7\u00e3o e abordagem no bairro Vila Choma"},"content":{"rendered":"\n<p><\/p>\n\n\n\n<figure class=\"wp-block-image size-full\"><img loading=\"lazy\" decoding=\"async\" width=\"897\" height=\"204\" src=\"https:\/\/radiostudiow.com.br\/site\/wp-content\/uploads\/2025\/03\/image-62.png\" alt=\"\" class=\"wp-image-35859\" srcset=\"https:\/\/radiostudiow.com.br\/site\/wp-content\/uploads\/2025\/03\/image-62.png 897w, https:\/\/radiostudiow.com.br\/site\/wp-content\/uploads\/2025\/03\/image-62-300x68.png 300w, https:\/\/radiostudiow.com.br\/site\/wp-content\/uploads\/2025\/03\/image-62-768x175.png 768w\" sizes=\"auto, (max-width: 897px) 100vw, 897px\" \/><\/figure>\n\n\n\n<p><\/p>\n\n\n\n<h2 class=\"wp-block-heading\">A Pol\u00edcia Militar de Mallet, do 3\u00ba Pelot\u00e3o Cabo Abr\u00e3o Kanclarovicz, recuperou, nesta segunda-feira (02), uma carabina de press\u00e3o furtada em um estabelecimento comercial do munic\u00edpio. O suspeito, que confessou o crime, foi localizado no bairro Vila Choma ap\u00f3s dilig\u00eancias da equipe policial, que atuou com base em informa\u00e7\u00f5es obtidas por meio de imagens de seguran\u00e7a e den\u00fancias.<\/h2>\n\n\n\n<p><\/p>\n\n\n\n<p>A abordagem ocorreu por volta das 13h50, quando os policiais avistaram o homem em frente \u00e0 sua resid\u00eancia. Segundo a PM, ele j\u00e1 era apontado como poss\u00edvel autor do furto ocorrido na \u00faltima sexta-feira (30), no bairro S\u00e3o Pedro.<\/p>\n\n\n\n<p><strong>Conforme informado pela pol\u00edcia, o suspeito foi informado da exist\u00eancia de imagens obtidas pela Pol\u00edcia Civil que o associavam diretamente ao crime. As grava\u00e7\u00f5es mostravam um indiv\u00edduo com caracter\u00edsticas f\u00edsicas e vestimentas compat\u00edveis com as que ele utilizava no momento da abordagem, incluindo capuz e bon\u00e9.<\/strong><\/p>\n\n\n\n<p>Sem apresentar resist\u00eancia e sem qualquer tipo de coa\u00e7\u00e3o, o homem confessou o furto e alegou que agiu sob efeito de bebidas alco\u00f3licas. Ele ainda afirmou que cometeu o crime para se defender de uma suposta amea\u00e7a anterior.<\/p>\n\n\n\n<figure class=\"wp-block-image size-large\"><img loading=\"lazy\" decoding=\"async\" width=\"1024\" height=\"576\" src=\"https:\/\/radiostudiow.com.br\/site\/wp-content\/uploads\/2025\/05\/20250203_114136-1-1024x576.jpg\" alt=\"\" class=\"wp-image-38864\" srcset=\"https:\/\/radiostudiow.com.br\/site\/wp-content\/uploads\/2025\/05\/20250203_114136-1-1024x576.jpg 1024w, https:\/\/radiostudiow.com.br\/site\/wp-content\/uploads\/2025\/05\/20250203_114136-1-300x169.jpg 300w, https:\/\/radiostudiow.com.br\/site\/wp-content\/uploads\/2025\/05\/20250203_114136-1-768x432.jpg 768w, https:\/\/radiostudiow.com.br\/site\/wp-content\/uploads\/2025\/05\/20250203_114136-1-1536x864.jpg 1536w, https:\/\/radiostudiow.com.br\/site\/wp-content\/uploads\/2025\/05\/20250203_114136-1-2048x1152.jpg 2048w\" sizes=\"auto, (max-width: 1024px) 100vw, 1024px\" \/><\/figure>\n\n\n\n<figure class=\"wp-block-image size-full\"><img loading=\"lazy\" decoding=\"async\" width=\"897\" height=\"204\" src=\"https:\/\/radiostudiow.com.br\/site\/wp-content\/uploads\/2025\/03\/SITE-GRANDE5.png\" alt=\"\" class=\"wp-image-35420\" srcset=\"https:\/\/radiostudiow.com.br\/site\/wp-content\/uploads\/2025\/03\/SITE-GRANDE5.png 897w, https:\/\/radiostudiow.com.br\/site\/wp-content\/uploads\/2025\/03\/SITE-GRANDE5-300x68.png 300w, https:\/\/radiostudiow.com.br\/site\/wp-content\/uploads\/2025\/03\/SITE-GRANDE5-768x175.png 768w\" sizes=\"auto, (max-width: 897px) 100vw, 897px\" \/><\/figure>\n\n\n\n<p><\/p>\n\n\n\n<h2 class=\"wp-block-heading\">Durante a a\u00e7\u00e3o, o suspeito indicou voluntariamente o local onde havia escondido a arma furtada \u2013 uma carabina de press\u00e3o calibre 5.5 da marca Rossi. Ele autorizou a entrada dos policiais em sua resid\u00eancia e conduziu a equipe at\u00e9 o ponto exato onde o objeto estava escondido. A arma foi recolhida pelos agentes, que constataram tamb\u00e9m que o n\u00famero de s\u00e9rie havia sido raspado, o que configura tentativa de oculta\u00e7\u00e3o de origem.<\/h2>\n\n\n\n<p><\/p>\n\n\n\n<p><strong>A arma havia sido levada de um bar\/mercearia no bairro S\u00e3o Pedro, na tarde de sexta-feira (30). O propriet\u00e1rio do local informou que o criminoso era um homem de estatura mediana, pele morena, que mancava levemente e fugiu levando a carabina escondida por dentro da cal\u00e7a. A tentativa de persegui\u00e7\u00e3o por parte da v\u00edtima n\u00e3o teve sucesso.<\/strong><\/p>\n\n\n\n<figure class=\"wp-block-image size-full\"><img loading=\"lazy\" decoding=\"async\" width=\"897\" height=\"204\" src=\"https:\/\/radiostudiow.com.br\/site\/wp-content\/uploads\/2025\/02\/SITE-GRANDE7.png\" alt=\"\" class=\"wp-image-33861\" srcset=\"https:\/\/radiostudiow.com.br\/site\/wp-content\/uploads\/2025\/02\/SITE-GRANDE7.png 897w, https:\/\/radiostudiow.com.br\/site\/wp-content\/uploads\/2025\/02\/SITE-GRANDE7-300x68.png 300w, https:\/\/radiostudiow.com.br\/site\/wp-content\/uploads\/2025\/02\/SITE-GRANDE7-768x175.png 768w\" sizes=\"auto, (max-width: 897px) 100vw, 897px\" \/><\/figure>\n\n\n\n<p><\/p>\n\n\n\n<p>Diante da materialidade dos fatos, da confiss\u00e3o e das evid\u00eancias, o acusado foi encaminhado \u00e0 10\u00aa Delegacia Regional de Pol\u00edcia de Mallet. Ele teve seus direitos constitucionais assegurados, incluindo o direito ao sil\u00eancio e \u00e0 assist\u00eancia jur\u00eddica. A Pol\u00edcia Civil ir\u00e1 apurar se h\u00e1 possibilidade de flagrante por recepta\u00e7\u00e3o, uma vez que o objeto furtado ainda estava em sua posse.<\/p>\n\n\n\n<h2 class=\"wp-block-heading\">A r\u00e1pida resposta da Pol\u00edcia Militar refor\u00e7a o compromisso com a seguran\u00e7a da comunidade e a import\u00e2ncia da colabora\u00e7\u00e3o entre as for\u00e7as de seguran\u00e7a e a popula\u00e7\u00e3o local.<\/h2>\n\n\n\n<p><\/p>\n\n\n\n<figure class=\"wp-block-image size-full\"><img loading=\"lazy\" decoding=\"async\" width=\"897\" height=\"204\" src=\"https:\/\/radiostudiow.com.br\/site\/wp-content\/uploads\/2025\/03\/BARAO-NOVO-NOTICIAS-1.jpg\" alt=\"\" class=\"wp-image-35084\" srcset=\"https:\/\/radiostudiow.com.br\/site\/wp-content\/uploads\/2025\/03\/BARAO-NOVO-NOTICIAS-1.jpg 897w, https:\/\/radiostudiow.com.br\/site\/wp-content\/uploads\/2025\/03\/BARAO-NOVO-NOTICIAS-1-300x68.jpg 300w, https:\/\/radiostudiow.com.br\/site\/wp-content\/uploads\/2025\/03\/BARAO-NOVO-NOTICIAS-1-768x175.jpg 768w\" sizes=\"auto, (max-width: 897px) 100vw, 897px\" \/><\/figure>\n\n\n\n<p><\/p>\n\n\n\n<h2 class=\"wp-block-heading\">Fonte: 27\u00ba BPM \/ 3\u00ba Pelot\u00e3o Cabo Abr\u00e3o Kanclarovicz \/ Reda\u00e7\u00e3o do W Not\u00edcias<\/h2>\n","protected":false},"excerpt":{"rendered":"<p>A Pol\u00edcia Militar de Mallet, do 3\u00ba Pelot\u00e3o Cabo Abr\u00e3o Kanclarovicz, recuperou, nesta segunda-feira (02), uma carabina de press\u00e3o furtada em um estabelecimento comercial do munic\u00edpio. O suspeito, que confessou o crime, foi localizado no bairro Vila Choma ap\u00f3s dilig\u00eancias da equipe policial, que atuou com base em informa\u00e7\u00f5es obtidas por meio de imagens de [&hellip;]<\/p>\n","protected":false},"author":2,"featured_media":39021,"comment_status":"open","ping_status":"open","sticky":false,"template":"","format":"standard","meta":{"footnotes":""},"categories":[184],"tags":[172],"class_list":["post-39019","post","type-post","status-publish","format-standard","has-post-thumbnail","hentry","category-local","tag-featured"],"amp_enabled":true,"_links":{"self":[{"href":"https:\/\/radiostudiow.com.br\/site\/wp-json\/wp\/v2\/posts\/39019","targetHints":{"allow":["GET"]}}],"collection":[{"href":"https:\/\/radiostudiow.com.br\/site\/wp-json\/wp\/v2\/posts"}],"about":[{"href":"https:\/\/radiostudiow.com.br\/site\/wp-json\/wp\/v2\/types\/post"}],"author":[{"embeddable":true,"href":"https:\/\/radiostudiow.com.br\/site\/wp-json\/wp\/v2\/users\/2"}],"replies":[{"embeddable":true,"href":"https:\/\/radiostudiow.com.br\/site\/wp-json\/wp\/v2\/comments?post=39019"}],"version-history":[{"count":1,"href":"https:\/\/radiostudiow.com.br\/site\/wp-json\/wp\/v2\/posts\/39019\/revisions"}],"predecessor-version":[{"id":39022,"href":"https:\/\/radiostudiow.com.br\/site\/wp-json\/wp\/v2\/posts\/39019\/revisions\/39022"}],"wp:featuredmedia":[{"embeddable":true,"href":"https:\/\/radiostudiow.com.br\/site\/wp-json\/wp\/v2\/media\/39021"}],"wp:attachment":[{"href":"https:\/\/radiostudiow.com.br\/site\/wp-json\/wp\/v2\/media?parent=39019"}],"wp:term":[{"taxonomy":"category","embeddable":true,"href":"https:\/\/radiostudiow.com.br\/site\/wp-json\/wp\/v2\/categories?post=39019"},{"taxonomy":"post_tag","embeddable":true,"href":"https:\/\/radiostudiow.com.br\/site\/wp-json\/wp\/v2\/tags?post=39019"}],"curies":[{"name":"wp","href":"https:\/\/api.w.org\/{rel}","templated":true}]}}