{"id":39023,"date":"2025-06-03T18:03:43","date_gmt":"2025-06-03T21:03:43","guid":{"rendered":"https:\/\/radiostudiow.com.br\/site\/?p=39023"},"modified":"2025-06-03T18:38:16","modified_gmt":"2025-06-03T21:38:16","slug":"policia-civil-de-reboucas-prende-autor-de-latrocinio-ocorrido-no-parque-da-pedreira-em-rio-azul","status":"publish","type":"post","link":"https:\/\/radiostudiow.com.br\/site\/2025\/06\/03\/policia-civil-de-reboucas-prende-autor-de-latrocinio-ocorrido-no-parque-da-pedreira-em-rio-azul\/","title":{"rendered":"POLICIA CIVIL DE REBOU\u00c7AS PRENDE AUTOR DE LATROC\u00cdNIO OCORRIDO NO PARQUE DA PEDREIRA EM RIO AZUL"},"content":{"rendered":"\n<figure class=\"wp-block-image size-large is-resized\"><img loading=\"lazy\" decoding=\"async\" width=\"1024\" height=\"614\" src=\"https:\/\/radiostudiow.com.br\/site\/wp-content\/uploads\/2025\/05\/5914fcac-c2b4-4795-a120-dc162c4a6466-1024x614.jpg\" alt=\"\" class=\"wp-image-38784\" style=\"width:346px;height:auto\" srcset=\"https:\/\/radiostudiow.com.br\/site\/wp-content\/uploads\/2025\/05\/5914fcac-c2b4-4795-a120-dc162c4a6466-1024x614.jpg 1024w, https:\/\/radiostudiow.com.br\/site\/wp-content\/uploads\/2025\/05\/5914fcac-c2b4-4795-a120-dc162c4a6466-300x180.jpg 300w, https:\/\/radiostudiow.com.br\/site\/wp-content\/uploads\/2025\/05\/5914fcac-c2b4-4795-a120-dc162c4a6466-768x460.jpg 768w, https:\/\/radiostudiow.com.br\/site\/wp-content\/uploads\/2025\/05\/5914fcac-c2b4-4795-a120-dc162c4a6466-1536x921.jpg 1536w, https:\/\/radiostudiow.com.br\/site\/wp-content\/uploads\/2025\/05\/5914fcac-c2b4-4795-a120-dc162c4a6466-1000x600.jpg 1000w, https:\/\/radiostudiow.com.br\/site\/wp-content\/uploads\/2025\/05\/5914fcac-c2b4-4795-a120-dc162c4a6466-590x354.jpg 590w, https:\/\/radiostudiow.com.br\/site\/wp-content\/uploads\/2025\/05\/5914fcac-c2b4-4795-a120-dc162c4a6466-400x240.jpg 400w, https:\/\/radiostudiow.com.br\/site\/wp-content\/uploads\/2025\/05\/5914fcac-c2b4-4795-a120-dc162c4a6466.jpg 1600w\" sizes=\"auto, (max-width: 1024px) 100vw, 1024px\" \/><\/figure>\n\n\n\n<p>Na manh\u00e3 desta ter\u00e7a-feira, quatro dias ap\u00f3s o delito, a equipe da Pol\u00edcia Civil de Rebou\u00e7as cumpriu mandado de pris\u00e3o tempor\u00e1ria em face de A.L.S., na cidade de Ponta Grossa\/PR. O investigado foi interrogado logo ap\u00f3s a pris\u00e3o e confessou o crime, sem dar maiores detalhes.<\/p>\n\n\n\n<p>A investiga\u00e7\u00e3o iniciou-se na sexta-feira (31\/05\/2025), quando equipes da Pol\u00edcia Civil e Pol\u00edcia Militar compareceram ao Parque da Pedreira onde foi verificado um corpo carbonizado em cima da ca\u00e7amba de um ve\u00edculo incendiado. No mesmo dia, foram realizadas dilig\u00eancias iniciais e foi poss\u00edvel identificar a v\u00edtima Jo\u00e3o Revienski Neto, 52 anos de idade, bem como verificar que o trator da v\u00edtima havia sido subtra\u00eddo pelo autor.<\/p>\n\n\n\n<figure class=\"wp-block-image size-large\"><img loading=\"lazy\" decoding=\"async\" width=\"1024\" height=\"576\" src=\"https:\/\/radiostudiow.com.br\/site\/wp-content\/uploads\/2025\/06\/8274a55b-8edd-467d-8266-17872e8552ae-1024x576.jpeg\" alt=\"\" class=\"wp-image-39029\" srcset=\"https:\/\/radiostudiow.com.br\/site\/wp-content\/uploads\/2025\/06\/8274a55b-8edd-467d-8266-17872e8552ae-1024x576.jpeg 1024w, https:\/\/radiostudiow.com.br\/site\/wp-content\/uploads\/2025\/06\/8274a55b-8edd-467d-8266-17872e8552ae-300x169.jpeg 300w, https:\/\/radiostudiow.com.br\/site\/wp-content\/uploads\/2025\/06\/8274a55b-8edd-467d-8266-17872e8552ae-768x432.jpeg 768w, https:\/\/radiostudiow.com.br\/site\/wp-content\/uploads\/2025\/06\/8274a55b-8edd-467d-8266-17872e8552ae-1536x864.jpeg 1536w, https:\/\/radiostudiow.com.br\/site\/wp-content\/uploads\/2025\/06\/8274a55b-8edd-467d-8266-17872e8552ae.jpeg 1599w\" sizes=\"auto, (max-width: 1024px) 100vw, 1024px\" \/><\/figure>\n\n\n\n<figure class=\"wp-block-image size-full\"><img loading=\"lazy\" decoding=\"async\" width=\"598\" height=\"204\" src=\"https:\/\/radiostudiow.com.br\/site\/wp-content\/uploads\/2025\/04\/BOROX.png\" alt=\"\" class=\"wp-image-37229\" srcset=\"https:\/\/radiostudiow.com.br\/site\/wp-content\/uploads\/2025\/04\/BOROX.png 598w, https:\/\/radiostudiow.com.br\/site\/wp-content\/uploads\/2025\/04\/BOROX-300x102.png 300w\" sizes=\"auto, (max-width: 598px) 100vw, 598px\" \/><\/figure>\n\n\n\n<p>O grande salto da investiga\u00e7\u00e3o ocorreu ap\u00f3s a ag\u00eancia de intelig\u00eancia da Pol\u00edcia Militar de Irati receber informa\u00e7\u00e3o an\u00f4nima de onde estaria o trator roubado, tendo ainda conseguido localiz\u00e1-lo e conduzir S.O. pelo crime de recepta\u00e7\u00e3o. Com a atua\u00e7\u00e3o da Pol\u00edcia Militar, tamb\u00e9m foi poss\u00edvel identificar o autor do crime e recuperar o ve\u00edculo.<\/p>\n\n\n\n<p>A partir da qualifica\u00e7\u00e3o do autor, a Pol\u00edcia Civil apurou o local onde o investigado estaria escondido (na resid\u00eancia de parentes em Ponta Grossa) e representou ao Poder Judici\u00e1rio pela pris\u00e3o tempor\u00e1ria de A.L.S., tendo sido de forma c\u00e9lere expedido o mandado de pris\u00e3o do representado, possibilitando uma r\u00e1pida resposta dos \u00f3rg\u00e3os de seguran\u00e7a p\u00fablica.<\/p>\n\n\n\n<p>Maiores informa\u00e7\u00f5es ser\u00e3o divulgadas em v\u00eddeo assim que poss\u00edvel.<\/p>\n\n\n\n<figure class=\"wp-block-image size-large\"><img loading=\"lazy\" decoding=\"async\" width=\"819\" height=\"1024\" src=\"https:\/\/radiostudiow.com.br\/site\/wp-content\/uploads\/2025\/06\/4167ab02-c005-445a-a6d1-6ff4724e5c7a-819x1024.jpeg\" alt=\"\" class=\"wp-image-39028\" srcset=\"https:\/\/radiostudiow.com.br\/site\/wp-content\/uploads\/2025\/06\/4167ab02-c005-445a-a6d1-6ff4724e5c7a-819x1024.jpeg 819w, https:\/\/radiostudiow.com.br\/site\/wp-content\/uploads\/2025\/06\/4167ab02-c005-445a-a6d1-6ff4724e5c7a-240x300.jpeg 240w, https:\/\/radiostudiow.com.br\/site\/wp-content\/uploads\/2025\/06\/4167ab02-c005-445a-a6d1-6ff4724e5c7a-768x960.jpeg 768w, https:\/\/radiostudiow.com.br\/site\/wp-content\/uploads\/2025\/06\/4167ab02-c005-445a-a6d1-6ff4724e5c7a.jpeg 1080w\" sizes=\"auto, (max-width: 819px) 100vw, 819px\" \/><\/figure>\n\n\n\n<h2 class=\"wp-block-heading\">O Crime<\/h2>\n\n\n\n<p>O latroc\u00ednio aconteceu no dia 31 de maio de 2025, no Parque da Pedreira, munic\u00edpio de Rio Azul. A descoberta do crime ocorreu por volta das 17h, quando L.G.P. compareceu ao destacamento da Pol\u00edcia Militar relatando ter encontrado um corpo carbonizado em meio \u00e0 mata.<\/p>\n\n\n\n<p>No local, as equipes policiais constataram a presen\u00e7a de um cad\u00e1ver carbonizado na carroceria de um ve\u00edculo GM\/Montana. A v\u00edtima foi posteriormente identificada como J.R.N., de 52 anos, propriet\u00e1rio rural da regi\u00e3o.<\/p>\n\n\n\n<figure class=\"wp-block-image size-full\"><img loading=\"lazy\" decoding=\"async\" width=\"598\" height=\"204\" src=\"https:\/\/radiostudiow.com.br\/site\/wp-content\/uploads\/2025\/05\/POLAK.png\" alt=\"\" class=\"wp-image-37847\" srcset=\"https:\/\/radiostudiow.com.br\/site\/wp-content\/uploads\/2025\/05\/POLAK.png 598w, https:\/\/radiostudiow.com.br\/site\/wp-content\/uploads\/2025\/05\/POLAK-300x102.png 300w\" sizes=\"auto, (max-width: 598px) 100vw, 598px\" \/><\/figure>\n\n\n\n<h2 class=\"wp-block-heading\">Detalhes do Crime<\/h2>\n\n\n\n<p>Segundo as investiga\u00e7\u00f5es, o crime foi praticado com extrema viol\u00eancia e crueldade. O autor do latroc\u00ednio n\u00e3o apenas matou a v\u00edtima durante o roubo, como posteriormente procedeu \u00e0 carboniza\u00e7\u00e3o tanto do corpo quanto do ve\u00edculo, em uma clara tentativa de ocultar as evid\u00eancias do delito e dificultar a identifica\u00e7\u00e3o da v\u00edtima.<\/p>\n\n\n\n<p>As investiga\u00e7\u00f5es apontam que o crime teve como motiva\u00e7\u00e3o principal a subtra\u00e7\u00e3o de um trator Massey Fergusson 275, equipamento agr\u00edcola de alto valor comercial. O modus operandi utilizado pelo criminoso demonstra premedita\u00e7\u00e3o e conhecimento sobre a rotina da v\u00edtima, que era propriet\u00e1rio rural da regi\u00e3o.<\/p>\n","protected":false},"excerpt":{"rendered":"<p>Na manh\u00e3 desta ter\u00e7a-feira, quatro dias ap\u00f3s o delito, a equipe da Pol\u00edcia Civil de Rebou\u00e7as cumpriu mandado de pris\u00e3o tempor\u00e1ria em face de A.L.S., na cidade de Ponta Grossa\/PR. O investigado foi interrogado logo ap\u00f3s a pris\u00e3o e confessou o crime, sem dar maiores detalhes. A investiga\u00e7\u00e3o iniciou-se na sexta-feira (31\/05\/2025), quando equipes da [&hellip;]<\/p>\n","protected":false},"author":2,"featured_media":39027,"comment_status":"open","ping_status":"open","sticky":false,"template":"","format":"standard","meta":{"footnotes":""},"categories":[2],"tags":[172],"class_list":["post-39023","post","type-post","status-publish","format-standard","has-post-thumbnail","hentry","category-policial","tag-featured"],"amp_enabled":true,"_links":{"self":[{"href":"https:\/\/radiostudiow.com.br\/site\/wp-json\/wp\/v2\/posts\/39023","targetHints":{"allow":["GET"]}}],"collection":[{"href":"https:\/\/radiostudiow.com.br\/site\/wp-json\/wp\/v2\/posts"}],"about":[{"href":"https:\/\/radiostudiow.com.br\/site\/wp-json\/wp\/v2\/types\/post"}],"author":[{"embeddable":true,"href":"https:\/\/radiostudiow.com.br\/site\/wp-json\/wp\/v2\/users\/2"}],"replies":[{"embeddable":true,"href":"https:\/\/radiostudiow.com.br\/site\/wp-json\/wp\/v2\/comments?post=39023"}],"version-history":[{"count":3,"href":"https:\/\/radiostudiow.com.br\/site\/wp-json\/wp\/v2\/posts\/39023\/revisions"}],"predecessor-version":[{"id":39034,"href":"https:\/\/radiostudiow.com.br\/site\/wp-json\/wp\/v2\/posts\/39023\/revisions\/39034"}],"wp:featuredmedia":[{"embeddable":true,"href":"https:\/\/radiostudiow.com.br\/site\/wp-json\/wp\/v2\/media\/39027"}],"wp:attachment":[{"href":"https:\/\/radiostudiow.com.br\/site\/wp-json\/wp\/v2\/media?parent=39023"}],"wp:term":[{"taxonomy":"category","embeddable":true,"href":"https:\/\/radiostudiow.com.br\/site\/wp-json\/wp\/v2\/categories?post=39023"},{"taxonomy":"post_tag","embeddable":true,"href":"https:\/\/radiostudiow.com.br\/site\/wp-json\/wp\/v2\/tags?post=39023"}],"curies":[{"name":"wp","href":"https:\/\/api.w.org\/{rel}","templated":true}]}}