{"id":3903,"date":"2021-10-04T16:40:40","date_gmt":"2021-10-04T19:40:40","guid":{"rendered":"https:\/\/radiostudiow.com.br\/site\/?p=3903"},"modified":"2025-01-31T15:12:26","modified_gmt":"2025-01-31T18:12:26","slug":"mulher-e-agredida-pelo-filho-apos-pedir-ajudar-para-trabalhos-domesticos-em-mallet","status":"publish","type":"post","link":"https:\/\/radiostudiow.com.br\/site\/2021\/10\/04\/mulher-e-agredida-pelo-filho-apos-pedir-ajudar-para-trabalhos-domesticos-em-mallet\/","title":{"rendered":"Mulher \u00e9 agredida pelo filho ap\u00f3s pedir ajuda para trabalhos dom\u00e9sticos em Mallet"},"content":{"rendered":"\n<p>A equipe da Pol\u00edcia Militar de Mallet foi acionada por uma mulher ap\u00f3s sofrer viol\u00eancia dom\u00e9stica em sua resid\u00eancia, \u00e1rea central da cidade, por volta das 15:15 horas desse s\u00e1bado (02).<\/p>\n\n\n\n<p>De acordo com a solicitante, ela havia sido agredida pelo pr\u00f3prio filho adolescente e afirma que o fato ocorreu devido a vitima pedir ajuda nos trabalhos dom\u00e9sticos.<\/p>\n\n\n\n<p>Os policiais j\u00e1 no local, perguntaram para a v\u00edtima teria interesse em representar contra o seu filho, respondeu que n\u00e3o.<\/p>\n\n\n\n<p>Diante do fato a equipe policial orientou quanto aos procedimentos cab\u00edveis.<\/p>\n\n\n\n<figure class=\"wp-block-image size-full\"><img decoding=\"async\" src=\"https:\/\/radiostudiow.com.br\/site\/wp-content\/uploads\/2021\/08\/240387432_2992083691066122_4820772207429196742_n.jpg\" alt=\"\" class=\"wp-image-3380\"\/><\/figure>\n","protected":false},"excerpt":{"rendered":"<p>A equipe da Pol\u00edcia Militar de Mallet foi acionada por uma mulher ap\u00f3s sofrer viol\u00eancia dom\u00e9stica em sua resid\u00eancia, \u00e1rea central da cidade, por volta das 15:15 horas desse s\u00e1bado (02). De acordo com a solicitante, ela havia sido agredida pelo pr\u00f3prio filho adolescente e afirma que o fato ocorreu devido a vitima pedir ajuda [&hellip;]<\/p>\n","protected":false},"author":2,"featured_media":3591,"comment_status":"open","ping_status":"open","sticky":false,"template":"","format":"standard","meta":{"footnotes":""},"categories":[2],"tags":[172],"class_list":["post-3903","post","type-post","status-publish","format-standard","has-post-thumbnail","hentry","category-policial","tag-featured"],"amp_enabled":true,"_links":{"self":[{"href":"https:\/\/radiostudiow.com.br\/site\/wp-json\/wp\/v2\/posts\/3903","targetHints":{"allow":["GET"]}}],"collection":[{"href":"https:\/\/radiostudiow.com.br\/site\/wp-json\/wp\/v2\/posts"}],"about":[{"href":"https:\/\/radiostudiow.com.br\/site\/wp-json\/wp\/v2\/types\/post"}],"author":[{"embeddable":true,"href":"https:\/\/radiostudiow.com.br\/site\/wp-json\/wp\/v2\/users\/2"}],"replies":[{"embeddable":true,"href":"https:\/\/radiostudiow.com.br\/site\/wp-json\/wp\/v2\/comments?post=3903"}],"version-history":[{"count":2,"href":"https:\/\/radiostudiow.com.br\/site\/wp-json\/wp\/v2\/posts\/3903\/revisions"}],"predecessor-version":[{"id":3915,"href":"https:\/\/radiostudiow.com.br\/site\/wp-json\/wp\/v2\/posts\/3903\/revisions\/3915"}],"wp:featuredmedia":[{"embeddable":true,"href":"https:\/\/radiostudiow.com.br\/site\/wp-json\/wp\/v2\/media\/3591"}],"wp:attachment":[{"href":"https:\/\/radiostudiow.com.br\/site\/wp-json\/wp\/v2\/media?parent=3903"}],"wp:term":[{"taxonomy":"category","embeddable":true,"href":"https:\/\/radiostudiow.com.br\/site\/wp-json\/wp\/v2\/categories?post=3903"},{"taxonomy":"post_tag","embeddable":true,"href":"https:\/\/radiostudiow.com.br\/site\/wp-json\/wp\/v2\/tags?post=3903"}],"curies":[{"name":"wp","href":"https:\/\/api.w.org\/{rel}","templated":true}]}}