{"id":39040,"date":"2025-06-04T10:49:19","date_gmt":"2025-06-04T13:49:19","guid":{"rendered":"https:\/\/radiostudiow.com.br\/site\/?p=39040"},"modified":"2025-06-04T10:49:19","modified_gmt":"2025-06-04T13:49:19","slug":"alarme-dispara-e-movimentacao-suspeita-mobiliza-policia-na-zona-rural-de-mallet","status":"publish","type":"post","link":"https:\/\/radiostudiow.com.br\/site\/2025\/06\/04\/alarme-dispara-e-movimentacao-suspeita-mobiliza-policia-na-zona-rural-de-mallet\/","title":{"rendered":"Alarme dispara e movimenta\u00e7\u00e3o suspeita mobiliza pol\u00edcia na zona rural de Mallet"},"content":{"rendered":"\n<p>Uma ocorr\u00eancia de poss\u00edvel viola\u00e7\u00e3o de domic\u00edlio mobilizou a Pol\u00edcia Militar na madrugada desta ter\u00e7a-feira (3), no interior de Mallet. A a\u00e7\u00e3o aconteceu por volta das 3h, no povoado de Lajeado de Cima, regi\u00e3o que faz divisa com o munic\u00edpio de Rio Azul.<\/p>\n\n\n\n<p>Segundo informa\u00e7\u00f5es repassadas \u00e0 PM, o alarme de uma resid\u00eancia rural havia disparado, e a moradora relatou ter ouvido barulhos de passos nas proximidades da casa, o que levantou a suspeita de uma poss\u00edvel tentativa de invas\u00e3o. A equipe policial foi rapidamente acionada e se deslocou at\u00e9 o local.<\/p>\n\n\n\n<figure class=\"wp-block-image size-full\"><img loading=\"lazy\" decoding=\"async\" width=\"897\" height=\"204\" src=\"https:\/\/radiostudiow.com.br\/site\/wp-content\/uploads\/2025\/05\/NUTRI-MALLET.png\" alt=\"\" class=\"wp-image-37813\" srcset=\"https:\/\/radiostudiow.com.br\/site\/wp-content\/uploads\/2025\/05\/NUTRI-MALLET.png 897w, https:\/\/radiostudiow.com.br\/site\/wp-content\/uploads\/2025\/05\/NUTRI-MALLET-300x68.png 300w, https:\/\/radiostudiow.com.br\/site\/wp-content\/uploads\/2025\/05\/NUTRI-MALLET-768x175.png 768w\" sizes=\"auto, (max-width: 897px) 100vw, 897px\" \/><\/figure>\n\n\n\n<p>No endere\u00e7o, os policiais foram recebidos pelo filho do propriet\u00e1rio do im\u00f3vel, que mora a cerca de 600 metros da resid\u00eancia. Ele contou que foi chamado pelos pais logo ap\u00f3s o disparo do sistema de alarme e, ao chegar ao local, percebeu que uma das janelas do galp\u00e3o utilizado para armazenamento de folhas de fumo estava aberta. No entanto, n\u00e3o foi poss\u00edvel confirmar se algum item havia sido levado.<\/p>\n\n\n\n<p>A equipe da PM realizou patrulhamento em toda a propriedade, mas n\u00e3o foram encontrados suspeitos nem sinais concretos de arrombamento ou furto.<\/p>\n\n\n\n<figure class=\"wp-block-image size-full\"><img loading=\"lazy\" decoding=\"async\" width=\"897\" height=\"204\" src=\"https:\/\/radiostudiow.com.br\/site\/wp-content\/uploads\/2024\/01\/SITE-GRANDE3.png\" alt=\"zaions\" class=\"wp-image-18936\" srcset=\"https:\/\/radiostudiow.com.br\/site\/wp-content\/uploads\/2024\/01\/SITE-GRANDE3.png 897w, https:\/\/radiostudiow.com.br\/site\/wp-content\/uploads\/2024\/01\/SITE-GRANDE3-300x68.png 300w, https:\/\/radiostudiow.com.br\/site\/wp-content\/uploads\/2024\/01\/SITE-GRANDE3-768x175.png 768w\" sizes=\"auto, (max-width: 897px) 100vw, 897px\" \/><\/figure>\n\n\n\n<p>Diante da situa\u00e7\u00e3o, os moradores foram orientados quanto aos procedimentos de seguran\u00e7a e o boletim de ocorr\u00eancia foi registrado para fins de controle e eventual investiga\u00e7\u00e3o.<\/p>\n\n\n\n<p>Apesar de n\u00e3o ter havido constata\u00e7\u00e3o de crime consumado, o caso refor\u00e7a o alerta para que moradores da zona rural permane\u00e7am atentos a movimenta\u00e7\u00f5es suspeitas e reforcem os sistemas de seguran\u00e7a em suas propriedades.<\/p>\n","protected":false},"excerpt":{"rendered":"<p>Uma ocorr\u00eancia de poss\u00edvel viola\u00e7\u00e3o de domic\u00edlio mobilizou a Pol\u00edcia Militar na madrugada desta ter\u00e7a-feira (3), no interior de Mallet. A a\u00e7\u00e3o aconteceu por volta das 3h, no povoado de Lajeado de Cima, regi\u00e3o que faz divisa com o munic\u00edpio de Rio Azul. Segundo informa\u00e7\u00f5es repassadas \u00e0 PM, o alarme de uma resid\u00eancia rural havia [&hellip;]<\/p>\n","protected":false},"author":2,"featured_media":39041,"comment_status":"open","ping_status":"open","sticky":false,"template":"","format":"standard","meta":{"footnotes":""},"categories":[2],"tags":[172],"class_list":["post-39040","post","type-post","status-publish","format-standard","has-post-thumbnail","hentry","category-policial","tag-featured"],"amp_enabled":true,"_links":{"self":[{"href":"https:\/\/radiostudiow.com.br\/site\/wp-json\/wp\/v2\/posts\/39040","targetHints":{"allow":["GET"]}}],"collection":[{"href":"https:\/\/radiostudiow.com.br\/site\/wp-json\/wp\/v2\/posts"}],"about":[{"href":"https:\/\/radiostudiow.com.br\/site\/wp-json\/wp\/v2\/types\/post"}],"author":[{"embeddable":true,"href":"https:\/\/radiostudiow.com.br\/site\/wp-json\/wp\/v2\/users\/2"}],"replies":[{"embeddable":true,"href":"https:\/\/radiostudiow.com.br\/site\/wp-json\/wp\/v2\/comments?post=39040"}],"version-history":[{"count":1,"href":"https:\/\/radiostudiow.com.br\/site\/wp-json\/wp\/v2\/posts\/39040\/revisions"}],"predecessor-version":[{"id":39042,"href":"https:\/\/radiostudiow.com.br\/site\/wp-json\/wp\/v2\/posts\/39040\/revisions\/39042"}],"wp:featuredmedia":[{"embeddable":true,"href":"https:\/\/radiostudiow.com.br\/site\/wp-json\/wp\/v2\/media\/39041"}],"wp:attachment":[{"href":"https:\/\/radiostudiow.com.br\/site\/wp-json\/wp\/v2\/media?parent=39040"}],"wp:term":[{"taxonomy":"category","embeddable":true,"href":"https:\/\/radiostudiow.com.br\/site\/wp-json\/wp\/v2\/categories?post=39040"},{"taxonomy":"post_tag","embeddable":true,"href":"https:\/\/radiostudiow.com.br\/site\/wp-json\/wp\/v2\/tags?post=39040"}],"curies":[{"name":"wp","href":"https:\/\/api.w.org\/{rel}","templated":true}]}}