{"id":39043,"date":"2025-06-04T10:51:21","date_gmt":"2025-06-04T13:51:21","guid":{"rendered":"https:\/\/radiostudiow.com.br\/site\/?p=39043"},"modified":"2025-06-04T10:51:22","modified_gmt":"2025-06-04T13:51:22","slug":"policia-militar-e-acionada-por-perturbacao-do-sossego-em-bairro-de-mallet","status":"publish","type":"post","link":"https:\/\/radiostudiow.com.br\/site\/2025\/06\/04\/policia-militar-e-acionada-por-perturbacao-do-sossego-em-bairro-de-mallet\/","title":{"rendered":"Pol\u00edcia Militar \u00e9 acionada por perturba\u00e7\u00e3o do sossego em bairro de Mallet"},"content":{"rendered":"\n<figure class=\"wp-block-image size-full\"><img loading=\"lazy\" decoding=\"async\" width=\"598\" height=\"204\" src=\"https:\/\/radiostudiow.com.br\/site\/wp-content\/uploads\/2025\/04\/BOROX.png\" alt=\"\" class=\"wp-image-37229\" srcset=\"https:\/\/radiostudiow.com.br\/site\/wp-content\/uploads\/2025\/04\/BOROX.png 598w, https:\/\/radiostudiow.com.br\/site\/wp-content\/uploads\/2025\/04\/BOROX-300x102.png 300w\" sizes=\"auto, (max-width: 598px) 100vw, 598px\" \/><\/figure>\n\n\n\n<p>Uma ocorr\u00eancia de perturba\u00e7\u00e3o do sossego mobilizou a Pol\u00edcia Militar no in\u00edcio da noite deste domingo (1\u00ba), por volta das 19h, na Vila Rural, em Mallet.<\/p>\n\n\n\n<p>De acordo com o boletim policial, a equipe foi acionada ap\u00f3s uma moradora relatar que o vizinho estaria com o volume do som excessivamente alto, causando inc\u00f4modo \u00e0 vizinhan\u00e7a. No local, os policiais constataram que o som vinha de um ve\u00edculo estacionado no p\u00e1tio de uma resid\u00eancia.<\/p>\n\n\n\n<p>O propriet\u00e1rio do autom\u00f3vel foi identificado e assumiu ser o respons\u00e1vel pela emiss\u00e3o sonora elevada. Diante da constata\u00e7\u00e3o, os policiais orientaram o indiv\u00edduo quanto \u00e0 legisla\u00e7\u00e3o vigente sobre perturba\u00e7\u00e3o do sossego, solicitando que desligasse o som imediatamente.<\/p>\n\n\n\n<figure class=\"wp-block-image size-full\"><img loading=\"lazy\" decoding=\"async\" width=\"300\" height=\"180\" src=\"https:\/\/radiostudiow.com.br\/site\/wp-content\/uploads\/2025\/05\/SITE-PEQUENO.jpg\" alt=\"\" class=\"wp-image-38684\"\/><\/figure>\n\n\n\n<p>O respons\u00e1vel acatou prontamente a orienta\u00e7\u00e3o da equipe e cessou a emiss\u00e3o sonora, sendo a situa\u00e7\u00e3o resolvida de forma pac\u00edfica e sem necessidade de medidas legais adicionais.<\/p>\n\n\n\n<p>A Pol\u00edcia Militar refor\u00e7a a import\u00e2ncia do respeito ao sossego p\u00fablico, especialmente em \u00e1reas residenciais, lembrando que a perturba\u00e7\u00e3o do trabalho ou descanso alheio \u00e9 considerada infra\u00e7\u00e3o penal prevista no artigo 42 da Lei de Contraven\u00e7\u00f5es Penais.<\/p>\n","protected":false},"excerpt":{"rendered":"<p>Uma ocorr\u00eancia de perturba\u00e7\u00e3o do sossego mobilizou a Pol\u00edcia Militar no in\u00edcio da noite deste domingo (1\u00ba), por volta das 19h, na Vila Rural, em Mallet. De acordo com o boletim policial, a equipe foi acionada ap\u00f3s uma moradora relatar que o vizinho estaria com o volume do som excessivamente alto, causando inc\u00f4modo \u00e0 vizinhan\u00e7a. [&hellip;]<\/p>\n","protected":false},"author":2,"featured_media":39044,"comment_status":"open","ping_status":"open","sticky":false,"template":"","format":"standard","meta":{"footnotes":""},"categories":[2],"tags":[172],"class_list":["post-39043","post","type-post","status-publish","format-standard","has-post-thumbnail","hentry","category-policial","tag-featured"],"amp_enabled":true,"_links":{"self":[{"href":"https:\/\/radiostudiow.com.br\/site\/wp-json\/wp\/v2\/posts\/39043","targetHints":{"allow":["GET"]}}],"collection":[{"href":"https:\/\/radiostudiow.com.br\/site\/wp-json\/wp\/v2\/posts"}],"about":[{"href":"https:\/\/radiostudiow.com.br\/site\/wp-json\/wp\/v2\/types\/post"}],"author":[{"embeddable":true,"href":"https:\/\/radiostudiow.com.br\/site\/wp-json\/wp\/v2\/users\/2"}],"replies":[{"embeddable":true,"href":"https:\/\/radiostudiow.com.br\/site\/wp-json\/wp\/v2\/comments?post=39043"}],"version-history":[{"count":1,"href":"https:\/\/radiostudiow.com.br\/site\/wp-json\/wp\/v2\/posts\/39043\/revisions"}],"predecessor-version":[{"id":39045,"href":"https:\/\/radiostudiow.com.br\/site\/wp-json\/wp\/v2\/posts\/39043\/revisions\/39045"}],"wp:featuredmedia":[{"embeddable":true,"href":"https:\/\/radiostudiow.com.br\/site\/wp-json\/wp\/v2\/media\/39044"}],"wp:attachment":[{"href":"https:\/\/radiostudiow.com.br\/site\/wp-json\/wp\/v2\/media?parent=39043"}],"wp:term":[{"taxonomy":"category","embeddable":true,"href":"https:\/\/radiostudiow.com.br\/site\/wp-json\/wp\/v2\/categories?post=39043"},{"taxonomy":"post_tag","embeddable":true,"href":"https:\/\/radiostudiow.com.br\/site\/wp-json\/wp\/v2\/tags?post=39043"}],"curies":[{"name":"wp","href":"https:\/\/api.w.org\/{rel}","templated":true}]}}