{"id":39049,"date":"2025-06-04T10:56:53","date_gmt":"2025-06-04T13:56:53","guid":{"rendered":"https:\/\/radiostudiow.com.br\/site\/?p=39049"},"modified":"2025-06-04T10:56:54","modified_gmt":"2025-06-04T13:56:54","slug":"homem-e-acusado-de-ameacar-genro-apos-desentendimento-por-acidente-de-transito-em-mallet","status":"publish","type":"post","link":"https:\/\/radiostudiow.com.br\/site\/2025\/06\/04\/homem-e-acusado-de-ameacar-genro-apos-desentendimento-por-acidente-de-transito-em-mallet\/","title":{"rendered":"Homem \u00e9 acusado de amea\u00e7ar genro ap\u00f3s desentendimento por acidente de tr\u00e2nsito em Mallet"},"content":{"rendered":"\n<figure class=\"wp-block-image size-full\"><img loading=\"lazy\" decoding=\"async\" width=\"598\" height=\"204\" src=\"https:\/\/radiostudiow.com.br\/site\/wp-content\/uploads\/2025\/01\/SITE-MEDIO.png\" alt=\"\" class=\"wp-image-32810\" srcset=\"https:\/\/radiostudiow.com.br\/site\/wp-content\/uploads\/2025\/01\/SITE-MEDIO.png 598w, https:\/\/radiostudiow.com.br\/site\/wp-content\/uploads\/2025\/01\/SITE-MEDIO-300x102.png 300w\" sizes=\"auto, (max-width: 598px) 100vw, 598px\" \/><\/figure>\n\n\n\n<p>A Pol\u00edcia Militar atendeu uma ocorr\u00eancia de amea\u00e7a no fim da tarde desta sexta-feira (30), no bairro Vila Caroline, em Mallet. Segundo relato da solicitante, seu pr\u00f3prio pai teria amea\u00e7ado de morte seu namorado, ap\u00f3s um desentendimento envolvendo um acidente de tr\u00e2nsito.<\/p>\n\n\n\n<p>De acordo com o boletim, o conflito teve in\u00edcio ap\u00f3s o namorado da jovem supostamente danificar o ve\u00edculo do pai dela durante um acidente, fato que j\u00e1 havia sido registrado anteriormente em outro boletim de ocorr\u00eancia. Ap\u00f3s o incidente, o homem teria proferido amea\u00e7as verbais, afirmando que \u201cmataria\u201d o rapaz.<\/p>\n\n\n\n<figure class=\"wp-block-image size-large is-resized\"><img loading=\"lazy\" decoding=\"async\" width=\"1024\" height=\"614\" src=\"https:\/\/radiostudiow.com.br\/site\/wp-content\/uploads\/2025\/05\/5914fcac-c2b4-4795-a120-dc162c4a6466-1024x614.jpg\" alt=\"\" class=\"wp-image-38784\" style=\"width:364px;height:auto\" srcset=\"https:\/\/radiostudiow.com.br\/site\/wp-content\/uploads\/2025\/05\/5914fcac-c2b4-4795-a120-dc162c4a6466-1024x614.jpg 1024w, https:\/\/radiostudiow.com.br\/site\/wp-content\/uploads\/2025\/05\/5914fcac-c2b4-4795-a120-dc162c4a6466-300x180.jpg 300w, https:\/\/radiostudiow.com.br\/site\/wp-content\/uploads\/2025\/05\/5914fcac-c2b4-4795-a120-dc162c4a6466-768x460.jpg 768w, https:\/\/radiostudiow.com.br\/site\/wp-content\/uploads\/2025\/05\/5914fcac-c2b4-4795-a120-dc162c4a6466-1536x921.jpg 1536w, https:\/\/radiostudiow.com.br\/site\/wp-content\/uploads\/2025\/05\/5914fcac-c2b4-4795-a120-dc162c4a6466-1000x600.jpg 1000w, https:\/\/radiostudiow.com.br\/site\/wp-content\/uploads\/2025\/05\/5914fcac-c2b4-4795-a120-dc162c4a6466-590x354.jpg 590w, https:\/\/radiostudiow.com.br\/site\/wp-content\/uploads\/2025\/05\/5914fcac-c2b4-4795-a120-dc162c4a6466-400x240.jpg 400w, https:\/\/radiostudiow.com.br\/site\/wp-content\/uploads\/2025\/05\/5914fcac-c2b4-4795-a120-dc162c4a6466.jpg 1600w\" sizes=\"auto, (max-width: 1024px) 100vw, 1024px\" \/><\/figure>\n\n\n\n<p>A equipe policial foi at\u00e9 o endere\u00e7o informado e conversou com a filha do suspeito, que confirmou as amea\u00e7as e demonstrou preocupa\u00e7\u00e3o com a integridade do namorado. Diante das informa\u00e7\u00f5es, a PM realizou dilig\u00eancias na regi\u00e3o e patrulhamento nas proximidades da resid\u00eancia do suposto autor, mas ele n\u00e3o foi localizado.<\/p>\n\n\n\n<p>O caso foi registrado e encaminhado para conhecimento da autoridade policial competente. A Pol\u00edcia Militar permanece \u00e0 disposi\u00e7\u00e3o para o acompanhamento da situa\u00e7\u00e3o e ado\u00e7\u00e3o de eventuais medidas legais cab\u00edveis.<\/p>\n\n\n\n<p>A amea\u00e7a \u00e9 tipificada como crime no artigo 147 do C\u00f3digo Penal Brasileiro, com pena prevista de deten\u00e7\u00e3o de um a seis meses ou multa, e pode se agravar conforme as circunst\u00e2ncias do caso.<\/p>\n","protected":false},"excerpt":{"rendered":"<p>A Pol\u00edcia Militar atendeu uma ocorr\u00eancia de amea\u00e7a no fim da tarde desta sexta-feira (30), no bairro Vila Caroline, em Mallet. Segundo relato da solicitante, seu pr\u00f3prio pai teria amea\u00e7ado de morte seu namorado, ap\u00f3s um desentendimento envolvendo um acidente de tr\u00e2nsito. De acordo com o boletim, o conflito teve in\u00edcio ap\u00f3s o namorado da [&hellip;]<\/p>\n","protected":false},"author":2,"featured_media":39050,"comment_status":"open","ping_status":"open","sticky":false,"template":"","format":"standard","meta":{"footnotes":""},"categories":[2],"tags":[172],"class_list":["post-39049","post","type-post","status-publish","format-standard","has-post-thumbnail","hentry","category-policial","tag-featured"],"amp_enabled":true,"_links":{"self":[{"href":"https:\/\/radiostudiow.com.br\/site\/wp-json\/wp\/v2\/posts\/39049","targetHints":{"allow":["GET"]}}],"collection":[{"href":"https:\/\/radiostudiow.com.br\/site\/wp-json\/wp\/v2\/posts"}],"about":[{"href":"https:\/\/radiostudiow.com.br\/site\/wp-json\/wp\/v2\/types\/post"}],"author":[{"embeddable":true,"href":"https:\/\/radiostudiow.com.br\/site\/wp-json\/wp\/v2\/users\/2"}],"replies":[{"embeddable":true,"href":"https:\/\/radiostudiow.com.br\/site\/wp-json\/wp\/v2\/comments?post=39049"}],"version-history":[{"count":1,"href":"https:\/\/radiostudiow.com.br\/site\/wp-json\/wp\/v2\/posts\/39049\/revisions"}],"predecessor-version":[{"id":39051,"href":"https:\/\/radiostudiow.com.br\/site\/wp-json\/wp\/v2\/posts\/39049\/revisions\/39051"}],"wp:featuredmedia":[{"embeddable":true,"href":"https:\/\/radiostudiow.com.br\/site\/wp-json\/wp\/v2\/media\/39050"}],"wp:attachment":[{"href":"https:\/\/radiostudiow.com.br\/site\/wp-json\/wp\/v2\/media?parent=39049"}],"wp:term":[{"taxonomy":"category","embeddable":true,"href":"https:\/\/radiostudiow.com.br\/site\/wp-json\/wp\/v2\/categories?post=39049"},{"taxonomy":"post_tag","embeddable":true,"href":"https:\/\/radiostudiow.com.br\/site\/wp-json\/wp\/v2\/tags?post=39049"}],"curies":[{"name":"wp","href":"https:\/\/api.w.org\/{rel}","templated":true}]}}