{"id":39052,"date":"2025-06-04T10:58:52","date_gmt":"2025-06-04T13:58:52","guid":{"rendered":"https:\/\/radiostudiow.com.br\/site\/?p=39052"},"modified":"2025-06-04T10:58:53","modified_gmt":"2025-06-04T13:58:53","slug":"mulher-e-agredida-pelo-companheiro-durante-episodio-de-violencia-domestica-em-mallet","status":"publish","type":"post","link":"https:\/\/radiostudiow.com.br\/site\/2025\/06\/04\/mulher-e-agredida-pelo-companheiro-durante-episodio-de-violencia-domestica-em-mallet\/","title":{"rendered":"Mulher \u00e9 agredida pelo companheiro durante epis\u00f3dio de viol\u00eancia dom\u00e9stica em Mallet"},"content":{"rendered":"\n<figure class=\"wp-block-image size-full\"><img loading=\"lazy\" decoding=\"async\" width=\"897\" height=\"204\" src=\"https:\/\/radiostudiow.com.br\/site\/wp-content\/uploads\/2025\/01\/SITE-GRANDE3.png\" alt=\"\" class=\"wp-image-32900\" srcset=\"https:\/\/radiostudiow.com.br\/site\/wp-content\/uploads\/2025\/01\/SITE-GRANDE3.png 897w, https:\/\/radiostudiow.com.br\/site\/wp-content\/uploads\/2025\/01\/SITE-GRANDE3-300x68.png 300w, https:\/\/radiostudiow.com.br\/site\/wp-content\/uploads\/2025\/01\/SITE-GRANDE3-768x175.png 768w\" sizes=\"auto, (max-width: 897px) 100vw, 897px\" \/><\/figure>\n\n\n\n<p>Uma mulher foi v\u00edtima de agress\u00f5es f\u00edsicas por parte do companheiro na noite desta sexta-feira (30), em uma resid\u00eancia localizada na regi\u00e3o central de Mallet. O caso foi registrado como les\u00e3o corporal em contexto de viol\u00eancia dom\u00e9stica e familiar, conforme previsto na Lei Maria da Penha.<\/p>\n\n\n\n<p>De acordo com informa\u00e7\u00f5es repassadas pela Pol\u00edcia Militar, a equipe foi acionada via central de atendimento para verificar a den\u00fancia. No local, a v\u00edtima relatou que o agressor chegou embriagado em casa e iniciou uma discuss\u00e3o, que rapidamente evoluiu para agress\u00f5es f\u00edsicas e destrui\u00e7\u00e3o de bens.<\/p>\n\n\n\n<figure class=\"wp-block-image size-full\"><img loading=\"lazy\" decoding=\"async\" width=\"598\" height=\"204\" src=\"https:\/\/radiostudiow.com.br\/site\/wp-content\/uploads\/2025\/01\/SITE-MEDIO3.png\" alt=\"\" class=\"wp-image-32815\" srcset=\"https:\/\/radiostudiow.com.br\/site\/wp-content\/uploads\/2025\/01\/SITE-MEDIO3.png 598w, https:\/\/radiostudiow.com.br\/site\/wp-content\/uploads\/2025\/01\/SITE-MEDIO3-300x102.png 300w\" sizes=\"auto, (max-width: 598px) 100vw, 598px\" \/><\/figure>\n\n\n\n<p>O homem teria quebrado uma mesa de m\u00e1rmore e uma porta com partes em vidro. Em seguida, passou a agredir a mulher com tapas, socos e empurr\u00f5es. A v\u00edtima sofreu uma les\u00e3o significativa na boca e um corte no p\u00e9 causado pelos estilha\u00e7os da porta quebrada.<\/p>\n\n\n\n<p>Durante o epis\u00f3dio, o agressor ainda pegou a filha do casal, uma crian\u00e7a de seis anos, e saiu para a rua. A m\u00e3e conseguiu alcan\u00e7\u00e1-lo e, ap\u00f3s luta corporal, recuperou a filha, retornando para dentro da resid\u00eancia. Segundo a v\u00edtima, ap\u00f3s o ocorrido, o homem fugiu e n\u00e3o foi mais visto.<\/p>\n\n\n\n<figure class=\"wp-block-image size-full\"><img loading=\"lazy\" decoding=\"async\" width=\"598\" height=\"204\" src=\"https:\/\/radiostudiow.com.br\/site\/wp-content\/uploads\/2025\/05\/BEAZY.jpg.png\" alt=\"\" class=\"wp-image-38197\" srcset=\"https:\/\/radiostudiow.com.br\/site\/wp-content\/uploads\/2025\/05\/BEAZY.jpg.png 598w, https:\/\/radiostudiow.com.br\/site\/wp-content\/uploads\/2025\/05\/BEAZY.jpg-300x102.png 300w\" sizes=\"auto, (max-width: 598px) 100vw, 598px\" \/><\/figure>\n\n\n\n<p>A Pol\u00edcia Militar realizou buscas pela regi\u00e3o, mas at\u00e9 o momento o suspeito n\u00e3o foi localizado. A v\u00edtima foi orientada sobre os procedimentos legais cab\u00edveis, incluindo medidas protetivas de urg\u00eancia.<\/p>\n\n\n\n<p>A Pol\u00edcia Civil deve assumir a investiga\u00e7\u00e3o do caso, e o agressor poder\u00e1 responder por les\u00e3o corporal, amea\u00e7a e outros crimes previstos na legisla\u00e7\u00e3o de prote\u00e7\u00e3o \u00e0 mulher.<\/p>\n","protected":false},"excerpt":{"rendered":"<p>Uma mulher foi v\u00edtima de agress\u00f5es f\u00edsicas por parte do companheiro na noite desta sexta-feira (30), em uma resid\u00eancia localizada na regi\u00e3o central de Mallet. O caso foi registrado como les\u00e3o corporal em contexto de viol\u00eancia dom\u00e9stica e familiar, conforme previsto na Lei Maria da Penha. De acordo com informa\u00e7\u00f5es repassadas pela Pol\u00edcia Militar, a [&hellip;]<\/p>\n","protected":false},"author":2,"featured_media":39053,"comment_status":"open","ping_status":"open","sticky":false,"template":"","format":"standard","meta":{"footnotes":""},"categories":[2],"tags":[172],"class_list":["post-39052","post","type-post","status-publish","format-standard","has-post-thumbnail","hentry","category-policial","tag-featured"],"amp_enabled":true,"_links":{"self":[{"href":"https:\/\/radiostudiow.com.br\/site\/wp-json\/wp\/v2\/posts\/39052","targetHints":{"allow":["GET"]}}],"collection":[{"href":"https:\/\/radiostudiow.com.br\/site\/wp-json\/wp\/v2\/posts"}],"about":[{"href":"https:\/\/radiostudiow.com.br\/site\/wp-json\/wp\/v2\/types\/post"}],"author":[{"embeddable":true,"href":"https:\/\/radiostudiow.com.br\/site\/wp-json\/wp\/v2\/users\/2"}],"replies":[{"embeddable":true,"href":"https:\/\/radiostudiow.com.br\/site\/wp-json\/wp\/v2\/comments?post=39052"}],"version-history":[{"count":1,"href":"https:\/\/radiostudiow.com.br\/site\/wp-json\/wp\/v2\/posts\/39052\/revisions"}],"predecessor-version":[{"id":39054,"href":"https:\/\/radiostudiow.com.br\/site\/wp-json\/wp\/v2\/posts\/39052\/revisions\/39054"}],"wp:featuredmedia":[{"embeddable":true,"href":"https:\/\/radiostudiow.com.br\/site\/wp-json\/wp\/v2\/media\/39053"}],"wp:attachment":[{"href":"https:\/\/radiostudiow.com.br\/site\/wp-json\/wp\/v2\/media?parent=39052"}],"wp:term":[{"taxonomy":"category","embeddable":true,"href":"https:\/\/radiostudiow.com.br\/site\/wp-json\/wp\/v2\/categories?post=39052"},{"taxonomy":"post_tag","embeddable":true,"href":"https:\/\/radiostudiow.com.br\/site\/wp-json\/wp\/v2\/tags?post=39052"}],"curies":[{"name":"wp","href":"https:\/\/api.w.org\/{rel}","templated":true}]}}