{"id":39055,"date":"2025-06-04T11:01:17","date_gmt":"2025-06-04T14:01:17","guid":{"rendered":"https:\/\/radiostudiow.com.br\/site\/?p=39055"},"modified":"2025-06-04T11:01:18","modified_gmt":"2025-06-04T14:01:18","slug":"homem-e-preso-por-trafico-de-drogas-em-sao-mateus-do-sul-4","status":"publish","type":"post","link":"https:\/\/radiostudiow.com.br\/site\/2025\/06\/04\/homem-e-preso-por-trafico-de-drogas-em-sao-mateus-do-sul-4\/","title":{"rendered":"Homem \u00e9 preso por tr\u00e1fico de drogas em S\u00e3o Mateus do Sul"},"content":{"rendered":"\n<figure class=\"wp-block-image size-full\"><img loading=\"lazy\" decoding=\"async\" width=\"300\" height=\"180\" src=\"https:\/\/radiostudiow.com.br\/site\/wp-content\/uploads\/2025\/04\/AGRODU.png\" alt=\"\" class=\"wp-image-37219\"\/><\/figure>\n\n\n\n<p>A equipe da Pol\u00edcia Militar de S\u00e3o Mateus do Sul  prendeu em flagrante\u00a0um homem por tr\u00e1fico de drogas no bairro Vila Americana por volta das 16 horas desta ter\u00e7a-feira (03).<\/p>\n\n\n\n<p>A a\u00e7\u00e3o foi realizada pela equipe da ROTAM ap\u00f3s den\u00fancias an\u00f4nimas que apontavam a comercializa\u00e7\u00e3o de entorpecentes na regi\u00e3o. Com base nas informa\u00e7\u00f5es, os policiais intensificaram o patrulhamento e flagraram o momento em que o suspeito entregava drogas a um usu\u00e1rio.<\/p>\n\n\n\n<figure class=\"wp-block-image size-full\"><img loading=\"lazy\" decoding=\"async\" width=\"300\" height=\"180\" src=\"https:\/\/radiostudiow.com.br\/site\/wp-content\/uploads\/2025\/04\/DAIANE.png\" alt=\"\" class=\"wp-image-37227\"\/><\/figure>\n\n\n\n<p>Durante a abordagem, os agentes apreenderam por\u00e7\u00f5es de subst\u00e2ncia an\u00e1loga \u00e0 coca\u00edna e uma quantia significativa em dinheiro, cuja origem n\u00e3o foi comprovada. O usu\u00e1rio confirmou ter adquirido a droga no local, o que refor\u00e7ou a situa\u00e7\u00e3o de flagrante.<\/p>\n\n\n\n<p>O suspeito foi preso e encaminhado \u00e0 delegacia de pol\u00edcia para os procedimentos legais.<a href=\"mailto:?subject=Homem%20%C3%A9%20preso%20por%20tr%C3%A1fico%20de%20drogas%20em%20S%C3%A3o%20Mateus%20do%20Sul&amp;body=https:\/\/www.vvale.com.br\/seguranca\/homem-e-preso-por-trafico-de-drogas-em-sao-mateus-do-sul\/\" target=\"_blank\" rel=\"noreferrer noopener\"><\/a><\/p>\n","protected":false},"excerpt":{"rendered":"<p>A equipe da Pol\u00edcia Militar de S\u00e3o Mateus do Sul prendeu em flagrante\u00a0um homem por tr\u00e1fico de drogas no bairro Vila Americana por volta das 16 horas desta ter\u00e7a-feira (03). A a\u00e7\u00e3o foi realizada pela equipe da ROTAM ap\u00f3s den\u00fancias an\u00f4nimas que apontavam a comercializa\u00e7\u00e3o de entorpecentes na regi\u00e3o. Com base nas informa\u00e7\u00f5es, os policiais [&hellip;]<\/p>\n","protected":false},"author":2,"featured_media":39056,"comment_status":"open","ping_status":"open","sticky":false,"template":"","format":"standard","meta":{"footnotes":""},"categories":[2],"tags":[172],"class_list":["post-39055","post","type-post","status-publish","format-standard","has-post-thumbnail","hentry","category-policial","tag-featured"],"amp_enabled":true,"_links":{"self":[{"href":"https:\/\/radiostudiow.com.br\/site\/wp-json\/wp\/v2\/posts\/39055","targetHints":{"allow":["GET"]}}],"collection":[{"href":"https:\/\/radiostudiow.com.br\/site\/wp-json\/wp\/v2\/posts"}],"about":[{"href":"https:\/\/radiostudiow.com.br\/site\/wp-json\/wp\/v2\/types\/post"}],"author":[{"embeddable":true,"href":"https:\/\/radiostudiow.com.br\/site\/wp-json\/wp\/v2\/users\/2"}],"replies":[{"embeddable":true,"href":"https:\/\/radiostudiow.com.br\/site\/wp-json\/wp\/v2\/comments?post=39055"}],"version-history":[{"count":1,"href":"https:\/\/radiostudiow.com.br\/site\/wp-json\/wp\/v2\/posts\/39055\/revisions"}],"predecessor-version":[{"id":39057,"href":"https:\/\/radiostudiow.com.br\/site\/wp-json\/wp\/v2\/posts\/39055\/revisions\/39057"}],"wp:featuredmedia":[{"embeddable":true,"href":"https:\/\/radiostudiow.com.br\/site\/wp-json\/wp\/v2\/media\/39056"}],"wp:attachment":[{"href":"https:\/\/radiostudiow.com.br\/site\/wp-json\/wp\/v2\/media?parent=39055"}],"wp:term":[{"taxonomy":"category","embeddable":true,"href":"https:\/\/radiostudiow.com.br\/site\/wp-json\/wp\/v2\/categories?post=39055"},{"taxonomy":"post_tag","embeddable":true,"href":"https:\/\/radiostudiow.com.br\/site\/wp-json\/wp\/v2\/tags?post=39055"}],"curies":[{"name":"wp","href":"https:\/\/api.w.org\/{rel}","templated":true}]}}