{"id":39058,"date":"2025-06-04T11:07:42","date_gmt":"2025-06-04T14:07:42","guid":{"rendered":"https:\/\/radiostudiow.com.br\/site\/?p=39058"},"modified":"2025-06-04T11:07:42","modified_gmt":"2025-06-04T14:07:42","slug":"homem-e-preso-por-porte-ilegal-de-arma-de-fogo-em-general-carneiro","status":"publish","type":"post","link":"https:\/\/radiostudiow.com.br\/site\/2025\/06\/04\/homem-e-preso-por-porte-ilegal-de-arma-de-fogo-em-general-carneiro\/","title":{"rendered":"Homem \u00e9 preso por porte ilegal de arma de fogo em General Carneiro"},"content":{"rendered":"\n<p>A equipe da\u00a0Pol\u00edcia Militar de General Carneiro,\u00a0em a\u00e7\u00e3o conjunta com\u00a0policiais de Bituruna\u00a0e apoio de uma viatura da regi\u00e3o,\u00a0prendeu um homem por porte ilegal de arma de fogo e muni\u00e7\u00f5es no Assentamento Palmital, localizado na comunidade Vit\u00f3ria do Contestado, no interior do munic\u00edpio por volta das 11h30min desta ter\u00e7a-feira (03)<strong>.<\/strong><\/p>\n\n\n\n<figure class=\"wp-block-image size-full\"><img loading=\"lazy\" decoding=\"async\" width=\"598\" height=\"204\" src=\"https:\/\/radiostudiow.com.br\/site\/wp-content\/uploads\/2025\/01\/SITE-MEDIO7.png\" alt=\"\" class=\"wp-image-32801\" srcset=\"https:\/\/radiostudiow.com.br\/site\/wp-content\/uploads\/2025\/01\/SITE-MEDIO7.png 598w, https:\/\/radiostudiow.com.br\/site\/wp-content\/uploads\/2025\/01\/SITE-MEDIO7-300x102.png 300w\" sizes=\"auto, (max-width: 598px) 100vw, 598px\" \/><\/figure>\n\n\n\n<p>A opera\u00e7\u00e3o foi desencadeada ap\u00f3s solicita\u00e7\u00e3o de apoio a uma v\u00edtima de viol\u00eancia dom\u00e9stica.\u00a0A localidade, segundo a PM, \u00e9 conhecida por registros recorrentes de amea\u00e7as e at\u00e9 disparos contra agentes da seguran\u00e7a p\u00fablica.<\/p>\n\n\n\n<p>Durante o deslocamento, os policiais avistaram um indiv\u00edduo em atitude suspeita, portando o que aparentavam ser duas armas de fogo em bandoleira e carregando uma sacola pl\u00e1stica.\u00a0Ao notar a aproxima\u00e7\u00e3o da viatura, o suspeito tentou fugir, mas foi rapidamente alcan\u00e7ado e contido pelos agentes.<\/p>\n\n\n\n<figure class=\"wp-block-image size-full\"><img loading=\"lazy\" decoding=\"async\" width=\"300\" height=\"180\" src=\"https:\/\/radiostudiow.com.br\/site\/wp-content\/uploads\/2025\/04\/LOU.png\" alt=\"\" class=\"wp-image-37228\"\/><\/figure>\n\n\n\n<p>Na abordagem,\u00a0foram apreendidas uma espingarda calibre 28, uma espingarda de press\u00e3o possivelmente modificada para calibre 22, diversas muni\u00e7\u00f5es, p\u00f3lvora, esferas de chumbo e uma faca. O homem,\u00a0j\u00e1 conhecido das autoridades por envolvimento em delitos na regi\u00e3o, recebeu voz de pris\u00e3o no local.<\/p>\n\n\n\n<p>Ele foi encaminhado \u00e0 delegacia de pol\u00edcia junto com todo o material apreendido, onde permanece \u00e0 disposi\u00e7\u00e3o da Justi\u00e7a.<a href=\"mailto:?subject=Homem%20%C3%A9%20preso%20por%20porte%20ilegal%20de%20arma%20de%20fogo%20em%20General%20Carneiro&amp;body=https:\/\/www.vvale.com.br\/seguranca\/homem-e-preso-por-porte-ilegal-de-arma-de-fogo-em-general-carneiro\/\" target=\"_blank\" rel=\"noreferrer noopener\"><\/a><\/p>\n","protected":false},"excerpt":{"rendered":"<p>A equipe da\u00a0Pol\u00edcia Militar de General Carneiro,\u00a0em a\u00e7\u00e3o conjunta com\u00a0policiais de Bituruna\u00a0e apoio de uma viatura da regi\u00e3o,\u00a0prendeu um homem por porte ilegal de arma de fogo e muni\u00e7\u00f5es no Assentamento Palmital, localizado na comunidade Vit\u00f3ria do Contestado, no interior do munic\u00edpio por volta das 11h30min desta ter\u00e7a-feira (03). A opera\u00e7\u00e3o foi desencadeada ap\u00f3s solicita\u00e7\u00e3o [&hellip;]<\/p>\n","protected":false},"author":2,"featured_media":39059,"comment_status":"open","ping_status":"open","sticky":false,"template":"","format":"standard","meta":{"footnotes":""},"categories":[2],"tags":[172],"class_list":["post-39058","post","type-post","status-publish","format-standard","has-post-thumbnail","hentry","category-policial","tag-featured"],"amp_enabled":true,"_links":{"self":[{"href":"https:\/\/radiostudiow.com.br\/site\/wp-json\/wp\/v2\/posts\/39058","targetHints":{"allow":["GET"]}}],"collection":[{"href":"https:\/\/radiostudiow.com.br\/site\/wp-json\/wp\/v2\/posts"}],"about":[{"href":"https:\/\/radiostudiow.com.br\/site\/wp-json\/wp\/v2\/types\/post"}],"author":[{"embeddable":true,"href":"https:\/\/radiostudiow.com.br\/site\/wp-json\/wp\/v2\/users\/2"}],"replies":[{"embeddable":true,"href":"https:\/\/radiostudiow.com.br\/site\/wp-json\/wp\/v2\/comments?post=39058"}],"version-history":[{"count":1,"href":"https:\/\/radiostudiow.com.br\/site\/wp-json\/wp\/v2\/posts\/39058\/revisions"}],"predecessor-version":[{"id":39060,"href":"https:\/\/radiostudiow.com.br\/site\/wp-json\/wp\/v2\/posts\/39058\/revisions\/39060"}],"wp:featuredmedia":[{"embeddable":true,"href":"https:\/\/radiostudiow.com.br\/site\/wp-json\/wp\/v2\/media\/39059"}],"wp:attachment":[{"href":"https:\/\/radiostudiow.com.br\/site\/wp-json\/wp\/v2\/media?parent=39058"}],"wp:term":[{"taxonomy":"category","embeddable":true,"href":"https:\/\/radiostudiow.com.br\/site\/wp-json\/wp\/v2\/categories?post=39058"},{"taxonomy":"post_tag","embeddable":true,"href":"https:\/\/radiostudiow.com.br\/site\/wp-json\/wp\/v2\/tags?post=39058"}],"curies":[{"name":"wp","href":"https:\/\/api.w.org\/{rel}","templated":true}]}}