{"id":39061,"date":"2025-06-04T11:12:02","date_gmt":"2025-06-04T14:12:02","guid":{"rendered":"https:\/\/radiostudiow.com.br\/site\/?p=39061"},"modified":"2025-06-04T11:12:02","modified_gmt":"2025-06-04T14:12:02","slug":"acidente-entre-caminhoes-deixa-motorista-ferido","status":"publish","type":"post","link":"https:\/\/radiostudiow.com.br\/site\/2025\/06\/04\/acidente-entre-caminhoes-deixa-motorista-ferido\/","title":{"rendered":"Acidente entre caminh\u00f5es deixa motorista ferido"},"content":{"rendered":"\n<figure class=\"wp-block-image size-full\"><img loading=\"lazy\" decoding=\"async\" width=\"300\" height=\"180\" src=\"https:\/\/radiostudiow.com.br\/site\/wp-content\/uploads\/2025\/01\/SITE-PEQUENO.png\" alt=\"\" class=\"wp-image-32833\"\/><\/figure>\n\n\n\n<p>Uma colis\u00e3o traseira entre dois caminh\u00f5es foi registrada no quil\u00f4metro 531 da\u00a0BR-376, na pista sentido norte, em Palmeira  por volta das 16h10min desta ter\u00e7a-feira (03).<\/p>\n\n\n\n<p>O acidente envolveu um caminh\u00e3o com placas de Arauc\u00e1ria (PR), que bateu na traseira de outro caminh\u00e3o, de Cantagalo (PR). Com o impacto, o motorista de 38 anos ficou preso \u00e0s ferragens. Ele foi socorrido pela equipe da concession\u00e1ria PRVias e encaminhado, em estado grave, ao Hospital Regional de Ponta Grossa.<\/p>\n\n\n\n<figure class=\"wp-block-image size-full\"><img loading=\"lazy\" decoding=\"async\" width=\"897\" height=\"204\" src=\"https:\/\/radiostudiow.com.br\/site\/wp-content\/uploads\/2025\/01\/SITE-GRANDE6.png\" alt=\"\" class=\"wp-image-32870\" srcset=\"https:\/\/radiostudiow.com.br\/site\/wp-content\/uploads\/2025\/01\/SITE-GRANDE6.png 897w, https:\/\/radiostudiow.com.br\/site\/wp-content\/uploads\/2025\/01\/SITE-GRANDE6-300x68.png 300w, https:\/\/radiostudiow.com.br\/site\/wp-content\/uploads\/2025\/01\/SITE-GRANDE6-768x175.png 768w\" sizes=\"auto, (max-width: 897px) 100vw, 897px\" \/><\/figure>\n\n\n\n<p>O condutor do outro ve\u00edculo n\u00e3o se feriu. Ele realizou o teste do baf\u00f4metro, que apontou resultado negativo para o consumo de \u00e1lcool.<\/p>\n\n\n\n<p>A pista sentido norte ficou totalmente interditada at\u00e9 \u00e0s 17h45. Ap\u00f3s a libera\u00e7\u00e3o parcial, o tr\u00e1fego seguiu em meia pista at\u00e9 a remo\u00e7\u00e3o dos ve\u00edculos envolvidos no acidente.<\/p>\n","protected":false},"excerpt":{"rendered":"<p>Uma colis\u00e3o traseira entre dois caminh\u00f5es foi registrada no quil\u00f4metro 531 da\u00a0BR-376, na pista sentido norte, em Palmeira por volta das 16h10min desta ter\u00e7a-feira (03). O acidente envolveu um caminh\u00e3o com placas de Arauc\u00e1ria (PR), que bateu na traseira de outro caminh\u00e3o, de Cantagalo (PR). Com o impacto, o motorista de 38 anos ficou preso [&hellip;]<\/p>\n","protected":false},"author":2,"featured_media":39062,"comment_status":"open","ping_status":"open","sticky":false,"template":"","format":"standard","meta":{"footnotes":""},"categories":[185],"tags":[172],"class_list":["post-39061","post","type-post","status-publish","format-standard","has-post-thumbnail","hentry","category-regional","tag-featured"],"amp_enabled":true,"_links":{"self":[{"href":"https:\/\/radiostudiow.com.br\/site\/wp-json\/wp\/v2\/posts\/39061","targetHints":{"allow":["GET"]}}],"collection":[{"href":"https:\/\/radiostudiow.com.br\/site\/wp-json\/wp\/v2\/posts"}],"about":[{"href":"https:\/\/radiostudiow.com.br\/site\/wp-json\/wp\/v2\/types\/post"}],"author":[{"embeddable":true,"href":"https:\/\/radiostudiow.com.br\/site\/wp-json\/wp\/v2\/users\/2"}],"replies":[{"embeddable":true,"href":"https:\/\/radiostudiow.com.br\/site\/wp-json\/wp\/v2\/comments?post=39061"}],"version-history":[{"count":1,"href":"https:\/\/radiostudiow.com.br\/site\/wp-json\/wp\/v2\/posts\/39061\/revisions"}],"predecessor-version":[{"id":39063,"href":"https:\/\/radiostudiow.com.br\/site\/wp-json\/wp\/v2\/posts\/39061\/revisions\/39063"}],"wp:featuredmedia":[{"embeddable":true,"href":"https:\/\/radiostudiow.com.br\/site\/wp-json\/wp\/v2\/media\/39062"}],"wp:attachment":[{"href":"https:\/\/radiostudiow.com.br\/site\/wp-json\/wp\/v2\/media?parent=39061"}],"wp:term":[{"taxonomy":"category","embeddable":true,"href":"https:\/\/radiostudiow.com.br\/site\/wp-json\/wp\/v2\/categories?post=39061"},{"taxonomy":"post_tag","embeddable":true,"href":"https:\/\/radiostudiow.com.br\/site\/wp-json\/wp\/v2\/tags?post=39061"}],"curies":[{"name":"wp","href":"https:\/\/api.w.org\/{rel}","templated":true}]}}