{"id":39073,"date":"2025-06-04T18:56:59","date_gmt":"2025-06-04T21:56:59","guid":{"rendered":"https:\/\/radiostudiow.com.br\/site\/?p=39073"},"modified":"2025-06-05T09:27:19","modified_gmt":"2025-06-05T12:27:19","slug":"homem-condenado-a-mais-de-23-anos-de-reclusao-por-estupro-e-preso-no-interior-de-sao-mateus-do-sul","status":"publish","type":"post","link":"https:\/\/radiostudiow.com.br\/site\/2025\/06\/04\/homem-condenado-a-mais-de-23-anos-de-reclusao-por-estupro-e-preso-no-interior-de-sao-mateus-do-sul\/","title":{"rendered":"Homem condenado a mais de 23 anos de reclus\u00e3o por estupro \u00e9 preso no interior de S\u00e3o Mateus do Sul"},"content":{"rendered":"\n<p>A equipe da equipe da Patrulha Rural da 3\u00aa Companhia da Pol\u00edcia Militar prendeu um homem condenado por estupro de vulner\u00e1vel na tarde desta ter\u00e7a-feira (03).<\/p>\n\n\n\n<p>A pris\u00e3o ocorreu na localidade do Pontilh\u00e3o, \u00e1rea rural de S\u00e3o Mateus do Sul, ap\u00f3s dilig\u00eancias realizadas pelos policiais.<\/p>\n\n\n\n<figure class=\"wp-block-image size-full\"><img loading=\"lazy\" decoding=\"async\" width=\"598\" height=\"204\" src=\"https:\/\/radiostudiow.com.br\/site\/wp-content\/uploads\/2025\/01\/SITE-MEDIO7.png\" alt=\"\" class=\"wp-image-32801\" srcset=\"https:\/\/radiostudiow.com.br\/site\/wp-content\/uploads\/2025\/01\/SITE-MEDIO7.png 598w, https:\/\/radiostudiow.com.br\/site\/wp-content\/uploads\/2025\/01\/SITE-MEDIO7-300x102.png 300w\" sizes=\"auto, (max-width: 598px) 100vw, 598px\" \/><\/figure>\n\n\n\n<p>O mandado de pris\u00e3o definitiva foi expedido em raz\u00e3o de condena\u00e7\u00e3o com tr\u00e2nsito em julgado pelo crime previsto no artigo 217-A do C\u00f3digo Penal.<\/p>\n\n\n\n<p>O homem deve cumprir pena de 23 anos e 4 meses em regime fechado. Ap\u00f3s a pris\u00e3o, ele foi encaminhado \u00e0 carceragem do Depen de S\u00e3o Mateus do Sul.<\/p>\n","protected":false},"excerpt":{"rendered":"<p>A equipe da equipe da Patrulha Rural da 3\u00aa Companhia da Pol\u00edcia Militar prendeu um homem condenado por estupro de vulner\u00e1vel na tarde desta ter\u00e7a-feira (03). A pris\u00e3o ocorreu na localidade do Pontilh\u00e3o, \u00e1rea rural de S\u00e3o Mateus do Sul, ap\u00f3s dilig\u00eancias realizadas pelos policiais. O mandado de pris\u00e3o definitiva foi expedido em raz\u00e3o de [&hellip;]<\/p>\n","protected":false},"author":2,"featured_media":39085,"comment_status":"open","ping_status":"open","sticky":false,"template":"","format":"standard","meta":{"footnotes":""},"categories":[2],"tags":[172],"class_list":["post-39073","post","type-post","status-publish","format-standard","has-post-thumbnail","hentry","category-policial","tag-featured"],"amp_enabled":true,"_links":{"self":[{"href":"https:\/\/radiostudiow.com.br\/site\/wp-json\/wp\/v2\/posts\/39073","targetHints":{"allow":["GET"]}}],"collection":[{"href":"https:\/\/radiostudiow.com.br\/site\/wp-json\/wp\/v2\/posts"}],"about":[{"href":"https:\/\/radiostudiow.com.br\/site\/wp-json\/wp\/v2\/types\/post"}],"author":[{"embeddable":true,"href":"https:\/\/radiostudiow.com.br\/site\/wp-json\/wp\/v2\/users\/2"}],"replies":[{"embeddable":true,"href":"https:\/\/radiostudiow.com.br\/site\/wp-json\/wp\/v2\/comments?post=39073"}],"version-history":[{"count":1,"href":"https:\/\/radiostudiow.com.br\/site\/wp-json\/wp\/v2\/posts\/39073\/revisions"}],"predecessor-version":[{"id":39074,"href":"https:\/\/radiostudiow.com.br\/site\/wp-json\/wp\/v2\/posts\/39073\/revisions\/39074"}],"wp:featuredmedia":[{"embeddable":true,"href":"https:\/\/radiostudiow.com.br\/site\/wp-json\/wp\/v2\/media\/39085"}],"wp:attachment":[{"href":"https:\/\/radiostudiow.com.br\/site\/wp-json\/wp\/v2\/media?parent=39073"}],"wp:term":[{"taxonomy":"category","embeddable":true,"href":"https:\/\/radiostudiow.com.br\/site\/wp-json\/wp\/v2\/categories?post=39073"},{"taxonomy":"post_tag","embeddable":true,"href":"https:\/\/radiostudiow.com.br\/site\/wp-json\/wp\/v2\/tags?post=39073"}],"curies":[{"name":"wp","href":"https:\/\/api.w.org\/{rel}","templated":true}]}}