{"id":39075,"date":"2025-06-04T18:58:38","date_gmt":"2025-06-04T21:58:38","guid":{"rendered":"https:\/\/radiostudiow.com.br\/site\/?p=39075"},"modified":"2025-06-04T18:58:39","modified_gmt":"2025-06-04T21:58:39","slug":"acidente-com-capotamento-interdita-trecho-da-br-476-em-paulo-frontin","status":"publish","type":"post","link":"https:\/\/radiostudiow.com.br\/site\/2025\/06\/04\/acidente-com-capotamento-interdita-trecho-da-br-476-em-paulo-frontin\/","title":{"rendered":"Acidente com capotamento interdita trecho da BR-476 em Paulo Frontin"},"content":{"rendered":"\n<p>Um acidente com capotamento foi registrado na\u00a0BR-476, nas proximidades da localidade de Limoeiro, no munic\u00edpio de Paulo Frontin na tarde desta quarta-feira (04).<\/p>\n\n\n\n<p>O ve\u00edculo envolvido \u00e9 uma caminhonete GM S10. Segundo informa\u00e7\u00f5es preliminares, o acidente ocorreu durante uma forte chuva, o que pode ter contribu\u00eddo para a perda de controle do ve\u00edculo.<\/p>\n\n\n\n<figure class=\"wp-block-image size-full\"><img loading=\"lazy\" decoding=\"async\" width=\"897\" height=\"204\" src=\"https:\/\/radiostudiow.com.br\/site\/wp-content\/uploads\/2024\/01\/SITE-GRANDE3.png\" alt=\"zaions\" class=\"wp-image-18936\" srcset=\"https:\/\/radiostudiow.com.br\/site\/wp-content\/uploads\/2024\/01\/SITE-GRANDE3.png 897w, https:\/\/radiostudiow.com.br\/site\/wp-content\/uploads\/2024\/01\/SITE-GRANDE3-300x68.png 300w, https:\/\/radiostudiow.com.br\/site\/wp-content\/uploads\/2024\/01\/SITE-GRANDE3-768x175.png 768w\" sizes=\"auto, (max-width: 897px) 100vw, 897px\" \/><\/figure>\n\n\n\n<p>Equipes do Servi\u00e7o de Atendimento M\u00f3vel de Urg\u00eancia (SAMU) e do Corpo de Bombeiros de S\u00e3o Mateus do Sul foram acionadas e se deslocaram at\u00e9 o local para prestar socorro.<\/p>\n\n\n\n<p>At\u00e9 o momento, n\u00e3o h\u00e1 confirma\u00e7\u00e3o sobre v\u00edtimas. Novas informa\u00e7\u00f5es poder\u00e3o ser divulgadas a qualquer momento.<\/p>\n\n\n\n<p><em>Fonte: V.Vale<\/em><\/p>\n","protected":false},"excerpt":{"rendered":"<p>Um acidente com capotamento foi registrado na\u00a0BR-476, nas proximidades da localidade de Limoeiro, no munic\u00edpio de Paulo Frontin na tarde desta quarta-feira (04). O ve\u00edculo envolvido \u00e9 uma caminhonete GM S10. Segundo informa\u00e7\u00f5es preliminares, o acidente ocorreu durante uma forte chuva, o que pode ter contribu\u00eddo para a perda de controle do ve\u00edculo. Equipes do [&hellip;]<\/p>\n","protected":false},"author":2,"featured_media":39076,"comment_status":"open","ping_status":"open","sticky":false,"template":"","format":"standard","meta":{"footnotes":""},"categories":[185],"tags":[172],"class_list":["post-39075","post","type-post","status-publish","format-standard","has-post-thumbnail","hentry","category-regional","tag-featured"],"amp_enabled":true,"_links":{"self":[{"href":"https:\/\/radiostudiow.com.br\/site\/wp-json\/wp\/v2\/posts\/39075","targetHints":{"allow":["GET"]}}],"collection":[{"href":"https:\/\/radiostudiow.com.br\/site\/wp-json\/wp\/v2\/posts"}],"about":[{"href":"https:\/\/radiostudiow.com.br\/site\/wp-json\/wp\/v2\/types\/post"}],"author":[{"embeddable":true,"href":"https:\/\/radiostudiow.com.br\/site\/wp-json\/wp\/v2\/users\/2"}],"replies":[{"embeddable":true,"href":"https:\/\/radiostudiow.com.br\/site\/wp-json\/wp\/v2\/comments?post=39075"}],"version-history":[{"count":1,"href":"https:\/\/radiostudiow.com.br\/site\/wp-json\/wp\/v2\/posts\/39075\/revisions"}],"predecessor-version":[{"id":39077,"href":"https:\/\/radiostudiow.com.br\/site\/wp-json\/wp\/v2\/posts\/39075\/revisions\/39077"}],"wp:featuredmedia":[{"embeddable":true,"href":"https:\/\/radiostudiow.com.br\/site\/wp-json\/wp\/v2\/media\/39076"}],"wp:attachment":[{"href":"https:\/\/radiostudiow.com.br\/site\/wp-json\/wp\/v2\/media?parent=39075"}],"wp:term":[{"taxonomy":"category","embeddable":true,"href":"https:\/\/radiostudiow.com.br\/site\/wp-json\/wp\/v2\/categories?post=39075"},{"taxonomy":"post_tag","embeddable":true,"href":"https:\/\/radiostudiow.com.br\/site\/wp-json\/wp\/v2\/tags?post=39075"}],"curies":[{"name":"wp","href":"https:\/\/api.w.org\/{rel}","templated":true}]}}