{"id":3908,"date":"2021-10-04T17:41:56","date_gmt":"2021-10-04T20:41:56","guid":{"rendered":"https:\/\/radiostudiow.com.br\/site\/?p=3908"},"modified":"2025-01-31T15:12:26","modified_gmt":"2025-01-31T18:12:26","slug":"idoso-e-encontrado-morto-em-cruz-machado","status":"publish","type":"post","link":"https:\/\/radiostudiow.com.br\/site\/2021\/10\/04\/idoso-e-encontrado-morto-em-cruz-machado\/","title":{"rendered":"Idoso \u00e9 encontrado morto em Cruz Machado"},"content":{"rendered":"\n<p>Um idoso identificado pelas iniciais \u201cZ. D.\u201d de 70 anos de idade, foi encontrado morto durante as primeiras horas da manh\u00e3 desse s\u00e1bado, 02 de outubro, em uma \u00e1rea rural da cidade de Cruz Machado.<\/p>\n\n\n\n<p>De acordo com informa\u00e7\u00f5es que foram divulgadas pela relat\u00f3rio policial, o homem foi encontrado sem vida dentro da sua resid\u00eancia, sendo acionado os \u00f3rg\u00e3os de seguran\u00e7a que confirmaram os fatos.<\/p>\n\n\n\n<p>O local foi isolado pela Pol\u00edcia Militar e o Instituto M\u00e9dico Legal \u2013 IML de Uni\u00e3o da Vit\u00f3ria foi acionado para recolher o corpo. A Pol\u00edcia n\u00e3o divulgou qual localidade os fatos ocorreram e nem quais foram as circunstancias da morte.<\/p>\n\n\n\n<figure class=\"wp-block-image size-full\"><img decoding=\"async\" src=\"https:\/\/radiostudiow.com.br\/site\/wp-content\/uploads\/2021\/09\/NUTRI-MALLET.jpg\" alt=\"\" class=\"wp-image-3543\"\/><\/figure>\n","protected":false},"excerpt":{"rendered":"<p>Um idoso identificado pelas iniciais \u201cZ. D.\u201d de 70 anos de idade, foi encontrado morto durante as primeiras horas da manh\u00e3 desse s\u00e1bado, 02 de outubro, em uma \u00e1rea rural da cidade de Cruz Machado. De acordo com informa\u00e7\u00f5es que foram divulgadas pela relat\u00f3rio policial, o homem foi encontrado sem vida dentro da sua resid\u00eancia, [&hellip;]<\/p>\n","protected":false},"author":2,"featured_media":3614,"comment_status":"open","ping_status":"open","sticky":false,"template":"","format":"standard","meta":{"footnotes":""},"categories":[2],"tags":[172],"class_list":["post-3908","post","type-post","status-publish","format-standard","has-post-thumbnail","hentry","category-policial","tag-featured"],"amp_enabled":true,"_links":{"self":[{"href":"https:\/\/radiostudiow.com.br\/site\/wp-json\/wp\/v2\/posts\/3908","targetHints":{"allow":["GET"]}}],"collection":[{"href":"https:\/\/radiostudiow.com.br\/site\/wp-json\/wp\/v2\/posts"}],"about":[{"href":"https:\/\/radiostudiow.com.br\/site\/wp-json\/wp\/v2\/types\/post"}],"author":[{"embeddable":true,"href":"https:\/\/radiostudiow.com.br\/site\/wp-json\/wp\/v2\/users\/2"}],"replies":[{"embeddable":true,"href":"https:\/\/radiostudiow.com.br\/site\/wp-json\/wp\/v2\/comments?post=3908"}],"version-history":[{"count":1,"href":"https:\/\/radiostudiow.com.br\/site\/wp-json\/wp\/v2\/posts\/3908\/revisions"}],"predecessor-version":[{"id":3909,"href":"https:\/\/radiostudiow.com.br\/site\/wp-json\/wp\/v2\/posts\/3908\/revisions\/3909"}],"wp:featuredmedia":[{"embeddable":true,"href":"https:\/\/radiostudiow.com.br\/site\/wp-json\/wp\/v2\/media\/3614"}],"wp:attachment":[{"href":"https:\/\/radiostudiow.com.br\/site\/wp-json\/wp\/v2\/media?parent=3908"}],"wp:term":[{"taxonomy":"category","embeddable":true,"href":"https:\/\/radiostudiow.com.br\/site\/wp-json\/wp\/v2\/categories?post=3908"},{"taxonomy":"post_tag","embeddable":true,"href":"https:\/\/radiostudiow.com.br\/site\/wp-json\/wp\/v2\/tags?post=3908"}],"curies":[{"name":"wp","href":"https:\/\/api.w.org\/{rel}","templated":true}]}}