{"id":39092,"date":"2025-06-05T10:07:25","date_gmt":"2025-06-05T13:07:25","guid":{"rendered":"https:\/\/radiostudiow.com.br\/site\/?p=39092"},"modified":"2025-06-05T10:07:25","modified_gmt":"2025-06-05T13:07:25","slug":"caminhao-com-chassi-adulterado-e-apreendido-durante-patrulhamento-em-uniao-da-vitoria","status":"publish","type":"post","link":"https:\/\/radiostudiow.com.br\/site\/2025\/06\/05\/caminhao-com-chassi-adulterado-e-apreendido-durante-patrulhamento-em-uniao-da-vitoria\/","title":{"rendered":"Caminh\u00e3o com chassi adulterado \u00e9 apreendido durante patrulhamento em Uni\u00e3o da Vit\u00f3ria"},"content":{"rendered":"\n<p>A equipe da Pol\u00edcia Militar de Uni\u00e3o da Vit\u00f3ria estava em patrulhamento, quando visualizou um caminh\u00e3o com far\u00f3is traseiros apagados. O caso ocorreu por volta das 12h18min dessa ter\u00e7a-feira (04).<\/p>\n\n\n\n<figure class=\"wp-block-image size-full\"><img loading=\"lazy\" decoding=\"async\" width=\"300\" height=\"180\" src=\"https:\/\/radiostudiow.com.br\/site\/wp-content\/uploads\/2025\/04\/LOU.png\" alt=\"\" class=\"wp-image-37228\"\/><\/figure>\n\n\n\n<p>Ap\u00f3s abordagem para orienta\u00e7\u00f5es e consulta aos sistemas constatou-se que o ve\u00edculo estava com o licenciamento vencido desde 2020 bem como apresentava adultera\u00e7\u00e3o no n\u00famero do chassi.<\/p>\n\n\n\n<p>Diante dos fatos o ve\u00edculo e condutor foram encaminhados \u00e0 delegacia para provid\u00eancias da Pol\u00edcia Judici\u00e1ria.<\/p>\n\n\n\n<p><\/p>\n","protected":false},"excerpt":{"rendered":"<p>A equipe da Pol\u00edcia Militar de Uni\u00e3o da Vit\u00f3ria estava em patrulhamento, quando visualizou um caminh\u00e3o com far\u00f3is traseiros apagados. O caso ocorreu por volta das 12h18min dessa ter\u00e7a-feira (04). Ap\u00f3s abordagem para orienta\u00e7\u00f5es e consulta aos sistemas constatou-se que o ve\u00edculo estava com o licenciamento vencido desde 2020 bem como apresentava adultera\u00e7\u00e3o no n\u00famero [&hellip;]<\/p>\n","protected":false},"author":2,"featured_media":14208,"comment_status":"open","ping_status":"open","sticky":false,"template":"","format":"standard","meta":{"footnotes":""},"categories":[2],"tags":[172],"class_list":["post-39092","post","type-post","status-publish","format-standard","has-post-thumbnail","hentry","category-policial","tag-featured"],"amp_enabled":true,"_links":{"self":[{"href":"https:\/\/radiostudiow.com.br\/site\/wp-json\/wp\/v2\/posts\/39092","targetHints":{"allow":["GET"]}}],"collection":[{"href":"https:\/\/radiostudiow.com.br\/site\/wp-json\/wp\/v2\/posts"}],"about":[{"href":"https:\/\/radiostudiow.com.br\/site\/wp-json\/wp\/v2\/types\/post"}],"author":[{"embeddable":true,"href":"https:\/\/radiostudiow.com.br\/site\/wp-json\/wp\/v2\/users\/2"}],"replies":[{"embeddable":true,"href":"https:\/\/radiostudiow.com.br\/site\/wp-json\/wp\/v2\/comments?post=39092"}],"version-history":[{"count":1,"href":"https:\/\/radiostudiow.com.br\/site\/wp-json\/wp\/v2\/posts\/39092\/revisions"}],"predecessor-version":[{"id":39093,"href":"https:\/\/radiostudiow.com.br\/site\/wp-json\/wp\/v2\/posts\/39092\/revisions\/39093"}],"wp:featuredmedia":[{"embeddable":true,"href":"https:\/\/radiostudiow.com.br\/site\/wp-json\/wp\/v2\/media\/14208"}],"wp:attachment":[{"href":"https:\/\/radiostudiow.com.br\/site\/wp-json\/wp\/v2\/media?parent=39092"}],"wp:term":[{"taxonomy":"category","embeddable":true,"href":"https:\/\/radiostudiow.com.br\/site\/wp-json\/wp\/v2\/categories?post=39092"},{"taxonomy":"post_tag","embeddable":true,"href":"https:\/\/radiostudiow.com.br\/site\/wp-json\/wp\/v2\/tags?post=39092"}],"curies":[{"name":"wp","href":"https:\/\/api.w.org\/{rel}","templated":true}]}}