{"id":39108,"date":"2025-06-05T10:51:03","date_gmt":"2025-06-05T13:51:03","guid":{"rendered":"https:\/\/radiostudiow.com.br\/site\/?p=39108"},"modified":"2025-06-05T10:51:03","modified_gmt":"2025-06-05T13:51:03","slug":"policia-civil-de-teixeira-soares-indicia-dois-homens-pelo-cometimento-do-crime-de-maus-tratos-contra-doze-animais","status":"publish","type":"post","link":"https:\/\/radiostudiow.com.br\/site\/2025\/06\/05\/policia-civil-de-teixeira-soares-indicia-dois-homens-pelo-cometimento-do-crime-de-maus-tratos-contra-doze-animais\/","title":{"rendered":"Pol\u00edcia Civil de Teixeira Soares indicia dois homens pelo cometimento do crime de maus tratos contra doze animais"},"content":{"rendered":"\n<p>A Pol\u00edcia Civil de Teixeira Soares, concluiu as investiga\u00e7\u00f5es de um inqu\u00e9rito policial, indiciando 2 (dois) homens pela pr\u00e1tica do crime de Maus Tratos a Animais, tipificado no artigo 32, \u00a7 1\u00ba-A, da Lei 9.605\/98.<\/p>\n\n\n\n<p>As investiga\u00e7\u00f5es iniciaram ap\u00f3s den\u00fancia relatando o abandono de aproximadamente 12 (doze) gatos, em uma propriedade localizada no munic\u00edpio de Teixeira Soares\/PR.<br>Os indiciados, deixaram os animais abandonados ap\u00f3s a mudan\u00e7a de um deles, que morava na resid\u00eancia, para outro local, no dia 04\/05\/2025.<\/p>\n\n\n\n<figure class=\"wp-block-image size-full\"><img loading=\"lazy\" decoding=\"async\" width=\"598\" height=\"204\" src=\"https:\/\/radiostudiow.com.br\/site\/wp-content\/uploads\/2025\/04\/BOROX.png\" alt=\"\" class=\"wp-image-37229\" srcset=\"https:\/\/radiostudiow.com.br\/site\/wp-content\/uploads\/2025\/04\/BOROX.png 598w, https:\/\/radiostudiow.com.br\/site\/wp-content\/uploads\/2025\/04\/BOROX-300x102.png 300w\" sizes=\"auto, (max-width: 598px) 100vw, 598px\" \/><\/figure>\n\n\n\n<p>Durante as dilig\u00eancias realizadas nos dias subsequentes, a equipe policial, em conjunto com a Secretaria de Agricultura do Munic\u00edpio de Teixeira Soares, constatou no local que os felinos foram deixados sem qualquer tipo de cuidado ou assist\u00eancia, como \u00e1gua ou alimenta\u00e7\u00e3o, apresentando sinais evidentes de abandono e maus-tratos.<\/p>\n\n\n\n<p>Durante os depoimentos, as testemunhas relataram que chegaram a enterrar gatos e cachorros que morriam na propriedade, pois quando os animais faleciam, eram jogados pr\u00f3ximos \u00e0 linha do trem por um dos investigados, sem o sepultamento adequado.<\/p>\n\n\n\n<div class=\"wp-block-media-text is-stacked-on-mobile\"><figure class=\"wp-block-media-text__media\"><img loading=\"lazy\" decoding=\"async\" width=\"577\" height=\"1024\" src=\"https:\/\/radiostudiow.com.br\/site\/wp-content\/uploads\/2025\/06\/bdb91386-7b4e-4814-88e6-6c3845f5ae7a-1-577x1024.jpeg\" alt=\"\" class=\"wp-image-39112 size-full\" srcset=\"https:\/\/radiostudiow.com.br\/site\/wp-content\/uploads\/2025\/06\/bdb91386-7b4e-4814-88e6-6c3845f5ae7a-1-577x1024.jpeg 577w, https:\/\/radiostudiow.com.br\/site\/wp-content\/uploads\/2025\/06\/bdb91386-7b4e-4814-88e6-6c3845f5ae7a-1-169x300.jpeg 169w, https:\/\/radiostudiow.com.br\/site\/wp-content\/uploads\/2025\/06\/bdb91386-7b4e-4814-88e6-6c3845f5ae7a-1-768x1364.jpeg 768w, https:\/\/radiostudiow.com.br\/site\/wp-content\/uploads\/2025\/06\/bdb91386-7b4e-4814-88e6-6c3845f5ae7a-1-865x1536.jpeg 865w, https:\/\/radiostudiow.com.br\/site\/wp-content\/uploads\/2025\/06\/bdb91386-7b4e-4814-88e6-6c3845f5ae7a-1.jpeg 901w\" sizes=\"auto, (max-width: 577px) 100vw, 577px\" \/><\/figure><div class=\"wp-block-media-text__content\">\n<p>A a\u00e7\u00e3o conjunta dos \u00f3rg\u00e3os citados foi fundamental para a constata\u00e7\u00e3o das condi\u00e7\u00f5es prec\u00e1rias em que os animais foram deixados, evidenciando clara viola\u00e7\u00e3o \u00e0s normas de prote\u00e7\u00e3o animal vigentes, sendo realizadas as castra\u00e7\u00f5es dos animais com o apoio da Secretaria de Sa\u00fade do Munic\u00edpio, bem como uma campanha para as doa\u00e7\u00f5es dos gatos abandonados.<\/p>\n\n\n\n<p>Cumpridas as formalidades legais, ambos os investigados foram indiciados pela pr\u00e1tica do crime de Maus Tratos a Animais, e o Inqu\u00e9rito Policial foi conclu\u00eddo e encaminhado ao Poder Judici\u00e1rio para as provid\u00eancias cab\u00edveis.<\/p>\n<\/div><\/div>\n\n\n\n<p>O Delegado Wesley Vin\u00edcius, titular da Delegacia de Teixeira Soares, refor\u00e7a a import\u00e2ncia das den\u00fancias feitas pela popula\u00e7\u00e3o para o combate a casos de maus-tratos a animais e menciona que a Pol\u00edcia Civil continuar\u00e1 atuando rigorosamente na apura\u00e7\u00e3o desses crimes, em parceria com os \u00f3rg\u00e3os competentes do munic\u00edpio.<\/p>\n\n\n\n<figure class=\"wp-block-image size-full\"><img loading=\"lazy\" decoding=\"async\" width=\"897\" height=\"204\" src=\"https:\/\/radiostudiow.com.br\/site\/wp-content\/uploads\/2025\/01\/SITE-GRANDE3.png\" alt=\"\" class=\"wp-image-32900\" srcset=\"https:\/\/radiostudiow.com.br\/site\/wp-content\/uploads\/2025\/01\/SITE-GRANDE3.png 897w, https:\/\/radiostudiow.com.br\/site\/wp-content\/uploads\/2025\/01\/SITE-GRANDE3-300x68.png 300w, https:\/\/radiostudiow.com.br\/site\/wp-content\/uploads\/2025\/01\/SITE-GRANDE3-768x175.png 768w\" sizes=\"auto, (max-width: 897px) 100vw, 897px\" \/><\/figure>\n\n\n\n<figure class=\"wp-block-image size-large\"><img loading=\"lazy\" decoding=\"async\" width=\"1024\" height=\"576\" src=\"https:\/\/radiostudiow.com.br\/site\/wp-content\/uploads\/2025\/06\/a5265605-e25d-4b73-b061-5005314a723c-1024x576.jpeg\" alt=\"\" class=\"wp-image-39111\" srcset=\"https:\/\/radiostudiow.com.br\/site\/wp-content\/uploads\/2025\/06\/a5265605-e25d-4b73-b061-5005314a723c-1024x576.jpeg 1024w, https:\/\/radiostudiow.com.br\/site\/wp-content\/uploads\/2025\/06\/a5265605-e25d-4b73-b061-5005314a723c-300x169.jpeg 300w, https:\/\/radiostudiow.com.br\/site\/wp-content\/uploads\/2025\/06\/a5265605-e25d-4b73-b061-5005314a723c-768x432.jpeg 768w, https:\/\/radiostudiow.com.br\/site\/wp-content\/uploads\/2025\/06\/a5265605-e25d-4b73-b061-5005314a723c-1536x864.jpeg 1536w, https:\/\/radiostudiow.com.br\/site\/wp-content\/uploads\/2025\/06\/a5265605-e25d-4b73-b061-5005314a723c.jpeg 1600w\" sizes=\"auto, (max-width: 1024px) 100vw, 1024px\" \/><\/figure>\n\n\n\n<p><\/p>\n","protected":false},"excerpt":{"rendered":"<p>A Pol\u00edcia Civil de Teixeira Soares, concluiu as investiga\u00e7\u00f5es de um inqu\u00e9rito policial, indiciando 2 (dois) homens pela pr\u00e1tica do crime de Maus Tratos a Animais, tipificado no artigo 32, \u00a7 1\u00ba-A, da Lei 9.605\/98. As investiga\u00e7\u00f5es iniciaram ap\u00f3s den\u00fancia relatando o abandono de aproximadamente 12 (doze) gatos, em uma propriedade localizada no munic\u00edpio de [&hellip;]<\/p>\n","protected":false},"author":2,"featured_media":39110,"comment_status":"open","ping_status":"open","sticky":false,"template":"","format":"standard","meta":{"footnotes":""},"categories":[2],"tags":[172],"class_list":["post-39108","post","type-post","status-publish","format-standard","has-post-thumbnail","hentry","category-policial","tag-featured"],"amp_enabled":true,"_links":{"self":[{"href":"https:\/\/radiostudiow.com.br\/site\/wp-json\/wp\/v2\/posts\/39108","targetHints":{"allow":["GET"]}}],"collection":[{"href":"https:\/\/radiostudiow.com.br\/site\/wp-json\/wp\/v2\/posts"}],"about":[{"href":"https:\/\/radiostudiow.com.br\/site\/wp-json\/wp\/v2\/types\/post"}],"author":[{"embeddable":true,"href":"https:\/\/radiostudiow.com.br\/site\/wp-json\/wp\/v2\/users\/2"}],"replies":[{"embeddable":true,"href":"https:\/\/radiostudiow.com.br\/site\/wp-json\/wp\/v2\/comments?post=39108"}],"version-history":[{"count":2,"href":"https:\/\/radiostudiow.com.br\/site\/wp-json\/wp\/v2\/posts\/39108\/revisions"}],"predecessor-version":[{"id":39114,"href":"https:\/\/radiostudiow.com.br\/site\/wp-json\/wp\/v2\/posts\/39108\/revisions\/39114"}],"wp:featuredmedia":[{"embeddable":true,"href":"https:\/\/radiostudiow.com.br\/site\/wp-json\/wp\/v2\/media\/39110"}],"wp:attachment":[{"href":"https:\/\/radiostudiow.com.br\/site\/wp-json\/wp\/v2\/media?parent=39108"}],"wp:term":[{"taxonomy":"category","embeddable":true,"href":"https:\/\/radiostudiow.com.br\/site\/wp-json\/wp\/v2\/categories?post=39108"},{"taxonomy":"post_tag","embeddable":true,"href":"https:\/\/radiostudiow.com.br\/site\/wp-json\/wp\/v2\/tags?post=39108"}],"curies":[{"name":"wp","href":"https:\/\/api.w.org\/{rel}","templated":true}]}}