{"id":3926,"date":"2021-10-06T15:32:31","date_gmt":"2021-10-06T18:32:31","guid":{"rendered":"https:\/\/radiostudiow.com.br\/site\/?p=3926"},"modified":"2025-01-31T15:12:26","modified_gmt":"2025-01-31T18:12:26","slug":"bombeiros-iniciaram-buscas-para-encontrar-idoso-desaparecido-em-general-carneiro","status":"publish","type":"post","link":"https:\/\/radiostudiow.com.br\/site\/2021\/10\/06\/bombeiros-iniciaram-buscas-para-encontrar-idoso-desaparecido-em-general-carneiro\/","title":{"rendered":"Bombeiros iniciaram buscas para encontrar idoso desaparecido em General Carneiro"},"content":{"rendered":"\n<p>A Defesa Civil de General Carneiro com apoio do Corpo de Bombeiros de Uni\u00e3o da Vit\u00f3ria iniciaram nesta quarta-feira, 06 de outubro, \u00e0s buscas pelo idoso Valdir Kukul.<\/p>\n\n\n\n<p>De acordo com as primeiras informa\u00e7\u00f5es apuradas sobre o caso, o idoso teria desaparecido ainda na semana passada. O homem que at\u00e9 o momento n\u00e3o teve a idade informada, tem uma propriedade na localidade de Santa Rosa.<\/p>\n\n\n\n<p>A reportagem do Canal 4 TV apurou que o idoso foi para essa propriedade e n\u00e3o retornou para a zona urbana, gerando preocupa\u00e7\u00e3o aos familiares que desde ent\u00e3o n\u00e3o conseguiram mais not\u00edcias. As buscas ser\u00e3o intensificadas e qualquer informa\u00e7\u00e3o pode ser repassada atrav\u00e9s do telefone 190.<\/p>\n\n\n\n<figure class=\"wp-block-image size-full\"><img decoding=\"async\" src=\"https:\/\/radiostudiow.com.br\/site\/wp-content\/uploads\/2021\/08\/vem_ai-1.jpg\" alt=\"\" class=\"wp-image-3387\"\/><\/figure>\n\n\n\n<p>Fonte: <em><a href=\"https:\/\/canal4.tv.br\/\" data-type=\"URL\" data-id=\"https:\/\/canal4.tv.br\/\">Canal 4 TV<\/a><\/em><\/p>\n","protected":false},"excerpt":{"rendered":"<p>A Defesa Civil de General Carneiro com apoio do Corpo de Bombeiros de Uni\u00e3o da Vit\u00f3ria iniciaram nesta quarta-feira, 06 de outubro, \u00e0s buscas pelo idoso Valdir Kukul. De acordo com as primeiras informa\u00e7\u00f5es apuradas sobre o caso, o idoso teria desaparecido ainda na semana passada. O homem que at\u00e9 o momento n\u00e3o teve a [&hellip;]<\/p>\n","protected":false},"author":2,"featured_media":0,"comment_status":"open","ping_status":"open","sticky":false,"template":"","format":"standard","meta":{"footnotes":""},"categories":[2],"tags":[172],"class_list":["post-3926","post","type-post","status-publish","format-standard","hentry","category-policial","tag-featured"],"amp_enabled":true,"_links":{"self":[{"href":"https:\/\/radiostudiow.com.br\/site\/wp-json\/wp\/v2\/posts\/3926","targetHints":{"allow":["GET"]}}],"collection":[{"href":"https:\/\/radiostudiow.com.br\/site\/wp-json\/wp\/v2\/posts"}],"about":[{"href":"https:\/\/radiostudiow.com.br\/site\/wp-json\/wp\/v2\/types\/post"}],"author":[{"embeddable":true,"href":"https:\/\/radiostudiow.com.br\/site\/wp-json\/wp\/v2\/users\/2"}],"replies":[{"embeddable":true,"href":"https:\/\/radiostudiow.com.br\/site\/wp-json\/wp\/v2\/comments?post=3926"}],"version-history":[{"count":3,"href":"https:\/\/radiostudiow.com.br\/site\/wp-json\/wp\/v2\/posts\/3926\/revisions"}],"predecessor-version":[{"id":3930,"href":"https:\/\/radiostudiow.com.br\/site\/wp-json\/wp\/v2\/posts\/3926\/revisions\/3930"}],"wp:attachment":[{"href":"https:\/\/radiostudiow.com.br\/site\/wp-json\/wp\/v2\/media?parent=3926"}],"wp:term":[{"taxonomy":"category","embeddable":true,"href":"https:\/\/radiostudiow.com.br\/site\/wp-json\/wp\/v2\/categories?post=3926"},{"taxonomy":"post_tag","embeddable":true,"href":"https:\/\/radiostudiow.com.br\/site\/wp-json\/wp\/v2\/tags?post=3926"}],"curies":[{"name":"wp","href":"https:\/\/api.w.org\/{rel}","templated":true}]}}