{"id":39343,"date":"2025-06-12T12:05:36","date_gmt":"2025-06-12T15:05:36","guid":{"rendered":"https:\/\/radiostudiow.com.br\/site\/?p=39343"},"modified":"2025-06-12T12:05:37","modified_gmt":"2025-06-12T15:05:37","slug":"risco-maior-de-avc-e-infarto-aumenta-nos-dias-frios-entenda-o-motivo","status":"publish","type":"post","link":"https:\/\/radiostudiow.com.br\/site\/2025\/06\/12\/risco-maior-de-avc-e-infarto-aumenta-nos-dias-frios-entenda-o-motivo\/","title":{"rendered":"Risco maior de AVC e infarto aumenta nos dias frios: entenda o motivo"},"content":{"rendered":"\n<figure class=\"wp-block-image size-full\"><img loading=\"lazy\" decoding=\"async\" width=\"598\" height=\"204\" src=\"https:\/\/radiostudiow.com.br\/site\/wp-content\/uploads\/2025\/05\/POLAK.png\" alt=\"\" class=\"wp-image-37847\" srcset=\"https:\/\/radiostudiow.com.br\/site\/wp-content\/uploads\/2025\/05\/POLAK.png 598w, https:\/\/radiostudiow.com.br\/site\/wp-content\/uploads\/2025\/05\/POLAK-300x102.png 300w\" sizes=\"auto, (max-width: 598px) 100vw, 598px\" \/><\/figure>\n\n\n\n<p>Com a chegada do frio, \u00e9 comum vermos um&nbsp;<strong>aumento nos casos<\/strong>&nbsp;de problemas cardiovasculares, como o<strong>&nbsp;infarto<\/strong>&nbsp;e o&nbsp;<strong>AVC<\/strong>&nbsp;(Acidente Vascular Cerebral).<\/p>\n\n\n\n<p><strong>Mas voc\u00ea sabe por que isso acontece?<\/strong>&nbsp;A queda nas temperaturas influencia diretamente o funcionamento do corpo, especialmente do sistema circulat\u00f3rio.<\/p>\n\n\n\n<h3 class=\"wp-block-heading\"><strong>O que acontece com o corpo no frio?<\/strong><\/h3>\n\n\n\n<p>Durante o frio, o organismo reage de forma natural para preservar o calor. Uma das principais respostas do corpo \u00e9 a&nbsp;<strong>vasoconstri\u00e7\u00e3o<\/strong>, que \u00e9 o estreitamento dos vasos sangu\u00edneos. Isso faz com que o cora\u00e7\u00e3o precise trabalhar mais para bombear o sangue, aumentando a&nbsp;<strong>press\u00e3o arterial<\/strong>.<\/p>\n\n\n\n<p>Esse esfor\u00e7o extra do cora\u00e7\u00e3o, combinado com outros fatores, pode desencadear\u00a0<strong>infartos<\/strong>\u00a0e\u00a0<strong>AVCs<\/strong>, especialmente em pessoas que j\u00e1 t\u00eam predisposi\u00e7\u00e3o ou doen\u00e7as cardiovasculares.<\/p>\n\n\n\n<figure class=\"wp-block-image size-full\"><img loading=\"lazy\" decoding=\"async\" width=\"897\" height=\"204\" src=\"https:\/\/radiostudiow.com.br\/site\/wp-content\/uploads\/2025\/03\/image-62.png\" alt=\"\" class=\"wp-image-35859\" srcset=\"https:\/\/radiostudiow.com.br\/site\/wp-content\/uploads\/2025\/03\/image-62.png 897w, https:\/\/radiostudiow.com.br\/site\/wp-content\/uploads\/2025\/03\/image-62-300x68.png 300w, https:\/\/radiostudiow.com.br\/site\/wp-content\/uploads\/2025\/03\/image-62-768x175.png 768w\" sizes=\"auto, (max-width: 897px) 100vw, 897px\" \/><\/figure>\n\n\n\n<h3 class=\"wp-block-heading\"><strong>Por que o risco aumenta?<\/strong><\/h3>\n\n\n\n<p>Entre os principais motivos, est\u00e3o:<\/p>\n\n\n\n<ul class=\"wp-block-list\">\n<li><strong>Aumento da press\u00e3o arterial:<\/strong>\u00a0Com os vasos mais estreitos, o sangue encontra mais resist\u00eancia para circular, o que eleva a press\u00e3o.<\/li>\n\n\n\n<li><strong>Maior tend\u00eancia \u00e0 forma\u00e7\u00e3o de co\u00e1gulos:<\/strong>\u00a0O frio pode tornar o sangue mais viscoso, favorecendo a forma\u00e7\u00e3o de trombos que podem entupir art\u00e9rias.<\/li>\n\n\n\n<li><strong>Contra\u00e7\u00e3o das art\u00e9rias coron\u00e1rias:<\/strong>\u00a0No frio, h\u00e1 mais chance de espasmos nas art\u00e9rias do cora\u00e7\u00e3o, o que pode levar a um infarto.<\/li>\n\n\n\n<li><strong>Redu\u00e7\u00e3o da atividade f\u00edsica:<\/strong>\u00a0Nos dias frios, as pessoas costumam se movimentar menos, o que tamb\u00e9m prejudica a sa\u00fade cardiovascular.<\/li>\n\n\n\n<li><strong>Aumento de doen\u00e7as respirat\u00f3rias:<\/strong>\u00a0Infec\u00e7\u00f5es como gripes e pneumonias s\u00e3o mais comuns no inverno e podem sobrecarregar o cora\u00e7\u00e3o, principalmente em pessoas idosas.<\/li>\n<\/ul>\n\n\n\n<h3 class=\"wp-block-heading\"><strong>Quem est\u00e1 mais vulner\u00e1vel?<\/strong><\/h3>\n\n\n\n<ul class=\"wp-block-list\">\n<li>Pessoas com\u00a0<strong>hipertens\u00e3o<\/strong>\u00a0ou\u00a0<strong>colesterol alto<\/strong><\/li>\n\n\n\n<li>Diab\u00e9ticos<\/li>\n\n\n\n<li>Idosos<\/li>\n\n\n\n<li>Fumantes<\/li>\n\n\n\n<li>Quem j\u00e1 teve infarto ou AVC anteriormente<\/li>\n<\/ul>\n\n\n\n<figure class=\"wp-block-image size-full\"><img loading=\"lazy\" decoding=\"async\" width=\"598\" height=\"204\" src=\"https:\/\/radiostudiow.com.br\/site\/wp-content\/uploads\/2025\/01\/SITE-MEDIO7.png\" alt=\"\" class=\"wp-image-32801\" srcset=\"https:\/\/radiostudiow.com.br\/site\/wp-content\/uploads\/2025\/01\/SITE-MEDIO7.png 598w, https:\/\/radiostudiow.com.br\/site\/wp-content\/uploads\/2025\/01\/SITE-MEDIO7-300x102.png 300w\" sizes=\"auto, (max-width: 598px) 100vw, 598px\" \/><\/figure>\n\n\n\n<h3 class=\"wp-block-heading\"><strong>Como se proteger?<\/strong><\/h3>\n\n\n\n<p>Mesmo nos dias frios, \u00e9 poss\u00edvel reduzir os riscos com cuidados simples:<\/p>\n\n\n\n<ul class=\"wp-block-list\">\n<li>Mantenha-se\u00a0<strong>agasalhado<\/strong>, principalmente ao sair de ambientes aquecidos.<\/li>\n\n\n\n<li><strong>Evite mudan\u00e7as bruscas de temperatura<\/strong>.<\/li>\n\n\n\n<li><strong>Monitore a press\u00e3o arterial<\/strong>\u00a0com frequ\u00eancia, se tiver hist\u00f3rico de hipertens\u00e3o.<\/li>\n\n\n\n<li>Pratique\u00a0<strong>exerc\u00edcios f\u00edsicos<\/strong>\u00a0leves, mesmo dentro de casa.<\/li>\n\n\n\n<li>Mantenha uma\u00a0<strong>alimenta\u00e7\u00e3o equilibrada<\/strong>\u00a0e evite comidas gordurosas.<\/li>\n\n\n\n<li>Tome as\u00a0<strong>vacinas contra gripe e pneumonia<\/strong>, se estiver no grupo de risco.<\/li>\n\n\n\n<li>Consulte regularmente o seu\u00a0<strong>m\u00e9dico cardiologista<\/strong>\u00a0ou cl\u00ednico geral.<\/li>\n<\/ul>\n\n\n\n<h3 class=\"wp-block-heading\"><strong>Conclus\u00e3o<\/strong><\/h3>\n\n\n\n<p>O frio exige cuidados redobrados com a sa\u00fade cardiovascular. Entender os efeitos do clima sobre o organismo e adotar h\u00e1bitos saud\u00e1veis s\u00e3o formas eficazes de preven\u00e7\u00e3o. Esteja atento aos sinais do corpo e, ao menor sintoma de dor no peito, falta de ar ou formigamento em bra\u00e7os e rosto,&nbsp;<strong>procure atendimento m\u00e9dico imediato<\/strong>.<\/p>\n","protected":false},"excerpt":{"rendered":"<p>Com a chegada do frio, \u00e9 comum vermos um&nbsp;aumento nos casos&nbsp;de problemas cardiovasculares, como o&nbsp;infarto&nbsp;e o&nbsp;AVC&nbsp;(Acidente Vascular Cerebral). Mas voc\u00ea sabe por que isso acontece?&nbsp;A queda nas temperaturas influencia diretamente o funcionamento do corpo, especialmente do sistema circulat\u00f3rio. O que acontece com o corpo no frio? Durante o frio, o organismo reage de forma natural [&hellip;]<\/p>\n","protected":false},"author":2,"featured_media":39344,"comment_status":"open","ping_status":"open","sticky":false,"template":"","format":"standard","meta":{"footnotes":""},"categories":[182],"tags":[172],"class_list":["post-39343","post","type-post","status-publish","format-standard","has-post-thumbnail","hentry","category-saude","tag-featured"],"amp_enabled":true,"_links":{"self":[{"href":"https:\/\/radiostudiow.com.br\/site\/wp-json\/wp\/v2\/posts\/39343","targetHints":{"allow":["GET"]}}],"collection":[{"href":"https:\/\/radiostudiow.com.br\/site\/wp-json\/wp\/v2\/posts"}],"about":[{"href":"https:\/\/radiostudiow.com.br\/site\/wp-json\/wp\/v2\/types\/post"}],"author":[{"embeddable":true,"href":"https:\/\/radiostudiow.com.br\/site\/wp-json\/wp\/v2\/users\/2"}],"replies":[{"embeddable":true,"href":"https:\/\/radiostudiow.com.br\/site\/wp-json\/wp\/v2\/comments?post=39343"}],"version-history":[{"count":1,"href":"https:\/\/radiostudiow.com.br\/site\/wp-json\/wp\/v2\/posts\/39343\/revisions"}],"predecessor-version":[{"id":39345,"href":"https:\/\/radiostudiow.com.br\/site\/wp-json\/wp\/v2\/posts\/39343\/revisions\/39345"}],"wp:featuredmedia":[{"embeddable":true,"href":"https:\/\/radiostudiow.com.br\/site\/wp-json\/wp\/v2\/media\/39344"}],"wp:attachment":[{"href":"https:\/\/radiostudiow.com.br\/site\/wp-json\/wp\/v2\/media?parent=39343"}],"wp:term":[{"taxonomy":"category","embeddable":true,"href":"https:\/\/radiostudiow.com.br\/site\/wp-json\/wp\/v2\/categories?post=39343"},{"taxonomy":"post_tag","embeddable":true,"href":"https:\/\/radiostudiow.com.br\/site\/wp-json\/wp\/v2\/tags?post=39343"}],"curies":[{"name":"wp","href":"https:\/\/api.w.org\/{rel}","templated":true}]}}