{"id":39464,"date":"2025-06-16T10:42:36","date_gmt":"2025-06-16T13:42:36","guid":{"rendered":"https:\/\/radiostudiow.com.br\/site\/?p=39464"},"modified":"2025-06-16T10:42:36","modified_gmt":"2025-06-16T13:42:36","slug":"acidente-causa-lentidao-na-entrada-do-hospital-regional-em-uniao-da-vitoria","status":"publish","type":"post","link":"https:\/\/radiostudiow.com.br\/site\/2025\/06\/16\/acidente-causa-lentidao-na-entrada-do-hospital-regional-em-uniao-da-vitoria\/","title":{"rendered":"Acidente causa lentid\u00e3o na entrada do Hospital Regional em Uni\u00e3o da Vit\u00f3ria"},"content":{"rendered":"\n<figure class=\"wp-block-image size-full\"><img loading=\"lazy\" decoding=\"async\" width=\"897\" height=\"204\" src=\"https:\/\/radiostudiow.com.br\/site\/wp-content\/uploads\/2025\/01\/SITE-GRANDE.png\" alt=\"\" class=\"wp-image-32809\" srcset=\"https:\/\/radiostudiow.com.br\/site\/wp-content\/uploads\/2025\/01\/SITE-GRANDE.png 897w, https:\/\/radiostudiow.com.br\/site\/wp-content\/uploads\/2025\/01\/SITE-GRANDE-300x68.png 300w, https:\/\/radiostudiow.com.br\/site\/wp-content\/uploads\/2025\/01\/SITE-GRANDE-768x175.png 768w\" sizes=\"auto, (max-width: 897px) 100vw, 897px\" \/><\/figure>\n\n\n\n<p>Um acidente seguido de sa\u00edda de pista foi registrado na manh\u00e3 desta segunda-feira, 16 de junho, na entrada do Hospital Regional na BR-476 em Uni\u00e3o da Vit\u00f3ria.<\/p>\n\n\n\n<p>A colis\u00e3o envolveu um ve\u00edculo\u00a0Ford\/Ecosport\u00a0e um\u00a0GM\/Corsa.<\/p>\n\n\n\n<p>As circunst\u00e2ncias do acidente ainda s\u00e3o desconhecidas. Equipes de resgate e autoridades de tr\u00e2nsito foram acionadas para atender a ocorr\u00eancia.<\/p>\n\n\n\n<p>At\u00e9 o momento,\u00a0n\u00e3o h\u00e1 informa\u00e7\u00f5es sobre feridos. O tr\u00e2nsito no local est\u00e1 lento e requer aten\u00e7\u00e3o redobrada dos motoristas que trafegam pela regi\u00e3o.<\/p>\n\n\n\n<figure class=\"wp-block-image size-large is-resized\"><img loading=\"lazy\" decoding=\"async\" width=\"1024\" height=\"614\" src=\"https:\/\/radiostudiow.com.br\/site\/wp-content\/uploads\/2025\/05\/AVENIDA-BIKE-1-1024x614.png\" alt=\"\" class=\"wp-image-38717\" style=\"width:430px;height:auto\" srcset=\"https:\/\/radiostudiow.com.br\/site\/wp-content\/uploads\/2025\/05\/AVENIDA-BIKE-1-1024x614.png 1024w, https:\/\/radiostudiow.com.br\/site\/wp-content\/uploads\/2025\/05\/AVENIDA-BIKE-1-300x180.png 300w, https:\/\/radiostudiow.com.br\/site\/wp-content\/uploads\/2025\/05\/AVENIDA-BIKE-1-768x461.png 768w, https:\/\/radiostudiow.com.br\/site\/wp-content\/uploads\/2025\/05\/AVENIDA-BIKE-1-1536x921.png 1536w, https:\/\/radiostudiow.com.br\/site\/wp-content\/uploads\/2025\/05\/AVENIDA-BIKE-1-1000x600.png 1000w, https:\/\/radiostudiow.com.br\/site\/wp-content\/uploads\/2025\/05\/AVENIDA-BIKE-1.png 1672w\" sizes=\"auto, (max-width: 1024px) 100vw, 1024px\" \/><\/figure>\n\n\n\n<figure class=\"wp-block-image size-full\"><img loading=\"lazy\" decoding=\"async\" width=\"427\" height=\"300\" src=\"https:\/\/radiostudiow.com.br\/site\/wp-content\/uploads\/2025\/06\/image-56.png\" alt=\"\" class=\"wp-image-39466\" srcset=\"https:\/\/radiostudiow.com.br\/site\/wp-content\/uploads\/2025\/06\/image-56.png 427w, https:\/\/radiostudiow.com.br\/site\/wp-content\/uploads\/2025\/06\/image-56-300x211.png 300w\" sizes=\"auto, (max-width: 427px) 100vw, 427px\" \/><\/figure>\n\n\n\n<figure class=\"wp-block-video\"><video controls src=\"https:\/\/radiostudiow.com.br\/site\/wp-content\/uploads\/2025\/06\/WhatsApp-Video-2025-06-16-at-07.40.51.mp4\"><\/video><\/figure>\n","protected":false},"excerpt":{"rendered":"<p>Um acidente seguido de sa\u00edda de pista foi registrado na manh\u00e3 desta segunda-feira, 16 de junho, na entrada do Hospital Regional na BR-476 em Uni\u00e3o da Vit\u00f3ria. A colis\u00e3o envolveu um ve\u00edculo\u00a0Ford\/Ecosport\u00a0e um\u00a0GM\/Corsa. As circunst\u00e2ncias do acidente ainda s\u00e3o desconhecidas. Equipes de resgate e autoridades de tr\u00e2nsito foram acionadas para atender a ocorr\u00eancia. At\u00e9 o [&hellip;]<\/p>\n","protected":false},"author":2,"featured_media":39465,"comment_status":"open","ping_status":"open","sticky":false,"template":"","format":"standard","meta":{"footnotes":""},"categories":[7],"tags":[],"class_list":["post-39464","post","type-post","status-publish","format-standard","has-post-thumbnail","hentry","category-geral"],"amp_enabled":true,"_links":{"self":[{"href":"https:\/\/radiostudiow.com.br\/site\/wp-json\/wp\/v2\/posts\/39464","targetHints":{"allow":["GET"]}}],"collection":[{"href":"https:\/\/radiostudiow.com.br\/site\/wp-json\/wp\/v2\/posts"}],"about":[{"href":"https:\/\/radiostudiow.com.br\/site\/wp-json\/wp\/v2\/types\/post"}],"author":[{"embeddable":true,"href":"https:\/\/radiostudiow.com.br\/site\/wp-json\/wp\/v2\/users\/2"}],"replies":[{"embeddable":true,"href":"https:\/\/radiostudiow.com.br\/site\/wp-json\/wp\/v2\/comments?post=39464"}],"version-history":[{"count":1,"href":"https:\/\/radiostudiow.com.br\/site\/wp-json\/wp\/v2\/posts\/39464\/revisions"}],"predecessor-version":[{"id":39468,"href":"https:\/\/radiostudiow.com.br\/site\/wp-json\/wp\/v2\/posts\/39464\/revisions\/39468"}],"wp:featuredmedia":[{"embeddable":true,"href":"https:\/\/radiostudiow.com.br\/site\/wp-json\/wp\/v2\/media\/39465"}],"wp:attachment":[{"href":"https:\/\/radiostudiow.com.br\/site\/wp-json\/wp\/v2\/media?parent=39464"}],"wp:term":[{"taxonomy":"category","embeddable":true,"href":"https:\/\/radiostudiow.com.br\/site\/wp-json\/wp\/v2\/categories?post=39464"},{"taxonomy":"post_tag","embeddable":true,"href":"https:\/\/radiostudiow.com.br\/site\/wp-json\/wp\/v2\/tags?post=39464"}],"curies":[{"name":"wp","href":"https:\/\/api.w.org\/{rel}","templated":true}]}}