{"id":39559,"date":"2025-06-18T09:48:12","date_gmt":"2025-06-18T12:48:12","guid":{"rendered":"https:\/\/radiostudiow.com.br\/site\/?p=39559"},"modified":"2025-06-18T09:48:12","modified_gmt":"2025-06-18T12:48:12","slug":"informe-semanal-da-dengue-confirma-mais-2-767-casos-e-oito-obitos-no-parana","status":"publish","type":"post","link":"https:\/\/radiostudiow.com.br\/site\/2025\/06\/18\/informe-semanal-da-dengue-confirma-mais-2-767-casos-e-oito-obitos-no-parana\/","title":{"rendered":"Informe semanal da dengue confirma mais 2.767 casos e oito \u00f3bitos no Paran\u00e1"},"content":{"rendered":"\n<p>A Secretaria de Estado da Sa\u00fade do Paran\u00e1 (Sesa) divulgou nesta ter\u00e7a-feira (17) o novo informe semanal da dengue. Foram registrados mais 2.767 casos da doen\u00e7a e oito \u00f3bitos. Os dados do novo ano epidemiol\u00f3gico 2025 totalizam 237.944 notifica\u00e7\u00f5es, 78.587 diagn\u00f3sticos confirmados e 82 \u00f3bitos em decorr\u00eancia da dengue no Estado.<\/p>\n\n\n\n<p>Os novos \u00f3bitos ocorreram entre mar\u00e7o e maio, sendo quatro mulheres e quatro homens, com idades entre 14 e 94 anos, sete deles com comorbidades. Os pacientes residiam em Maring\u00e1, na 15\u00aa Regional de Sa\u00fade de Maring\u00e1; Assa\u00ed (17\u00aa RS de Londrina), Jacarezinho (19\u00aa RS Jacarezinho), Entre Rios do Oeste, Santa Helena e Toledo (20\u00aa RS de Toledo).<\/p>\n\n\n\n<div class=\"wp-block-media-text is-stacked-on-mobile\"><figure class=\"wp-block-media-text__media\"><img loading=\"lazy\" decoding=\"async\" width=\"1024\" height=\"1024\" src=\"https:\/\/radiostudiow.com.br\/site\/wp-content\/uploads\/2025\/04\/487811741_1161041312699430_8877786304738601525_n-1024x1024.jpg\" alt=\"\" class=\"wp-image-37482 size-full\" srcset=\"https:\/\/radiostudiow.com.br\/site\/wp-content\/uploads\/2025\/04\/487811741_1161041312699430_8877786304738601525_n-1024x1024.jpg 1024w, https:\/\/radiostudiow.com.br\/site\/wp-content\/uploads\/2025\/04\/487811741_1161041312699430_8877786304738601525_n-300x300.jpg 300w, https:\/\/radiostudiow.com.br\/site\/wp-content\/uploads\/2025\/04\/487811741_1161041312699430_8877786304738601525_n-768x768.jpg 768w, https:\/\/radiostudiow.com.br\/site\/wp-content\/uploads\/2025\/04\/487811741_1161041312699430_8877786304738601525_n-1536x1536.jpg 1536w, https:\/\/radiostudiow.com.br\/site\/wp-content\/uploads\/2025\/04\/487811741_1161041312699430_8877786304738601525_n-80x80.jpg 80w, https:\/\/radiostudiow.com.br\/site\/wp-content\/uploads\/2025\/04\/487811741_1161041312699430_8877786304738601525_n.jpg 1600w\" sizes=\"auto, (max-width: 1024px) 100vw, 1024px\" \/><\/figure><div class=\"wp-block-media-text__content\">\n<p>No total, 398 munic\u00edpios j\u00e1 apresentaram notifica\u00e7\u00f5es da doen\u00e7a, transmitida pelo mosquito Aedes aegypti, e 376 possuem casos confirmados.<\/p>\n\n\n\n<p>As regionais com os maiores n\u00fameros de casos confirmados neste per\u00edodo epidemiol\u00f3gico s\u00e3o a 17\u00aa RS de Londrina (18.762); 14\u00aa RS de Paranava\u00ed (12.047); 15\u00aa RS de Maring\u00e1 (9.828); 19\u00aa RS de Jacarezinho (6.037); e 12\u00aa RS de Umuarama (4.822).<\/p>\n<\/div><\/div>\n\n\n\n<p><strong>OUTRAS ARBOVIROSES&nbsp;\u2013&nbsp;<\/strong>A publica\u00e7\u00e3o inclui ainda dados sobre Chikungunya e Zika, doen\u00e7as tamb\u00e9m transmitidas pelo mosquito Aedes aegypti. Foram confirmados 4.564 casos de Chikungunya, num total de 9.458 notifica\u00e7\u00f5es da doen\u00e7a no Estado. Quanto ao v\u00edrus Zika, at\u00e9 o momento foram registradas 105 notifica\u00e7\u00f5es sem nenhum caso confirmado.<\/p>\n\n\n\n<p><strong>FEBRE OROPOUCHE&nbsp;\u2013&nbsp;<\/strong>A Sesa publica tamb\u00e9m neste boletim os casos de Oropouche no Estado, nos munic\u00edpios de Adrian\u00f3polis (97 casos aut\u00f3ctones) e Morretes (2 casos aut\u00f3ctones), al\u00e9m do registro de um caso importado no munic\u00edpio de Arapongas (importado do Esp\u00edrito Santo).<\/p>\n\n\n\n<p>A febre Oropouche \u00e9 causada pelo v\u00edrus&nbsp;Orthobunyavirus oropoucheense&nbsp;(OROV), transmitido principalmente pelo inseto&nbsp;Culicoides paraensis, conhecido como maruim ou mosquito-p\u00f3lvora. Ap\u00f3s picar uma pessoa ou animal infectado o vetor pode transmitir o v\u00edrus a outras pessoas.<\/p>\n\n\n\n<p>Confira o Informe Semanal completo&nbsp;<strong><a href=\"https:\/\/www.dengue.pr.gov.br\/Pagina\/Boletins-da-Dengue\" target=\"_blank\" rel=\"noreferrer noopener\">AQUI<\/a><\/strong>.<\/p>\n\n\n\n<p>Mais informa\u00e7\u00f5es sobre a dengue est\u00e3o&nbsp;neste<strong><a href=\"https:\/\/www.dengue.pr.gov.br\/\" target=\"_blank\" rel=\"noreferrer noopener\">&nbsp;LINK<\/a><\/strong>.<\/p>\n\n\n\n<figure class=\"wp-block-gallery has-nested-images columns-default is-cropped wp-block-gallery-1 is-layout-flex wp-block-gallery-is-layout-flex\">\n<figure class=\"wp-block-image size-large\"><img loading=\"lazy\" decoding=\"async\" width=\"800\" height=\"526\" data-id=\"39534\" src=\"https:\/\/radiostudiow.com.br\/site\/wp-content\/uploads\/2025\/06\/199ea5e8-8c33-483c-b64a-15683b36e93f.jpg\" alt=\"\" class=\"wp-image-39534\" srcset=\"https:\/\/radiostudiow.com.br\/site\/wp-content\/uploads\/2025\/06\/199ea5e8-8c33-483c-b64a-15683b36e93f.jpg 800w, https:\/\/radiostudiow.com.br\/site\/wp-content\/uploads\/2025\/06\/199ea5e8-8c33-483c-b64a-15683b36e93f-300x197.jpg 300w, https:\/\/radiostudiow.com.br\/site\/wp-content\/uploads\/2025\/06\/199ea5e8-8c33-483c-b64a-15683b36e93f-768x505.jpg 768w\" sizes=\"auto, (max-width: 800px) 100vw, 800px\" \/><\/figure>\n\n\n\n<figure class=\"wp-block-image size-large\"><img loading=\"lazy\" decoding=\"async\" width=\"1024\" height=\"739\" data-id=\"39535\" src=\"https:\/\/radiostudiow.com.br\/site\/wp-content\/uploads\/2025\/06\/b5c50067-efa9-4559-a3ce-26c7f15c6596-1024x739.jpg\" alt=\"\" class=\"wp-image-39535\" srcset=\"https:\/\/radiostudiow.com.br\/site\/wp-content\/uploads\/2025\/06\/b5c50067-efa9-4559-a3ce-26c7f15c6596-1024x739.jpg 1024w, https:\/\/radiostudiow.com.br\/site\/wp-content\/uploads\/2025\/06\/b5c50067-efa9-4559-a3ce-26c7f15c6596-300x216.jpg 300w, https:\/\/radiostudiow.com.br\/site\/wp-content\/uploads\/2025\/06\/b5c50067-efa9-4559-a3ce-26c7f15c6596-768x554.jpg 768w, https:\/\/radiostudiow.com.br\/site\/wp-content\/uploads\/2025\/06\/b5c50067-efa9-4559-a3ce-26c7f15c6596-1536x1108.jpg 1536w, https:\/\/radiostudiow.com.br\/site\/wp-content\/uploads\/2025\/06\/b5c50067-efa9-4559-a3ce-26c7f15c6596.jpg 1600w\" sizes=\"auto, (max-width: 1024px) 100vw, 1024px\" \/><\/figure>\n<\/figure>\n","protected":false},"excerpt":{"rendered":"<p>A Secretaria de Estado da Sa\u00fade do Paran\u00e1 (Sesa) divulgou nesta ter\u00e7a-feira (17) o novo informe semanal da dengue. Foram registrados mais 2.767 casos da doen\u00e7a e oito \u00f3bitos. Os dados do novo ano epidemiol\u00f3gico 2025 totalizam 237.944 notifica\u00e7\u00f5es, 78.587 diagn\u00f3sticos confirmados e 82 \u00f3bitos em decorr\u00eancia da dengue no Estado. Os novos \u00f3bitos ocorreram [&hellip;]<\/p>\n","protected":false},"author":2,"featured_media":39290,"comment_status":"open","ping_status":"open","sticky":false,"template":"","format":"standard","meta":{"footnotes":""},"categories":[182],"tags":[172],"class_list":["post-39559","post","type-post","status-publish","format-standard","has-post-thumbnail","hentry","category-saude","tag-featured"],"amp_enabled":true,"_links":{"self":[{"href":"https:\/\/radiostudiow.com.br\/site\/wp-json\/wp\/v2\/posts\/39559","targetHints":{"allow":["GET"]}}],"collection":[{"href":"https:\/\/radiostudiow.com.br\/site\/wp-json\/wp\/v2\/posts"}],"about":[{"href":"https:\/\/radiostudiow.com.br\/site\/wp-json\/wp\/v2\/types\/post"}],"author":[{"embeddable":true,"href":"https:\/\/radiostudiow.com.br\/site\/wp-json\/wp\/v2\/users\/2"}],"replies":[{"embeddable":true,"href":"https:\/\/radiostudiow.com.br\/site\/wp-json\/wp\/v2\/comments?post=39559"}],"version-history":[{"count":1,"href":"https:\/\/radiostudiow.com.br\/site\/wp-json\/wp\/v2\/posts\/39559\/revisions"}],"predecessor-version":[{"id":39560,"href":"https:\/\/radiostudiow.com.br\/site\/wp-json\/wp\/v2\/posts\/39559\/revisions\/39560"}],"wp:featuredmedia":[{"embeddable":true,"href":"https:\/\/radiostudiow.com.br\/site\/wp-json\/wp\/v2\/media\/39290"}],"wp:attachment":[{"href":"https:\/\/radiostudiow.com.br\/site\/wp-json\/wp\/v2\/media?parent=39559"}],"wp:term":[{"taxonomy":"category","embeddable":true,"href":"https:\/\/radiostudiow.com.br\/site\/wp-json\/wp\/v2\/categories?post=39559"},{"taxonomy":"post_tag","embeddable":true,"href":"https:\/\/radiostudiow.com.br\/site\/wp-json\/wp\/v2\/tags?post=39559"}],"curies":[{"name":"wp","href":"https:\/\/api.w.org\/{rel}","templated":true}]}}