{"id":3962,"date":"2021-10-09T09:18:04","date_gmt":"2021-10-09T12:18:04","guid":{"rendered":"https:\/\/radiostudiow.com.br\/site\/?p=3962"},"modified":"2025-01-31T15:12:26","modified_gmt":"2025-01-31T18:12:26","slug":"homem-e-agredido-com-barra-de-ferro-em-posto-de-combustivel","status":"publish","type":"post","link":"https:\/\/radiostudiow.com.br\/site\/2021\/10\/09\/homem-e-agredido-com-barra-de-ferro-em-posto-de-combustivel\/","title":{"rendered":"Homem \u00e9 agredido com barra de ferro em posto de combust\u00edvel"},"content":{"rendered":"\n<p>Rapaz de 26 anos de idade, foi agredido com uma barra de ferro e precisou ser socorrido pela equipe do Corpo de Bombeiros de S\u00e3o Mateus do Sul nessa quinta \u2013 feira (07).<\/p>\n\n\n\n<p>A v\u00edtima identificada pelas iniciais \u201cW. C.\u201d sofreu a agress\u00e3o em um posto de combust\u00edvel no Jardim Dona Ermina na BR-476. O autor estava armado com uma barra de ferro.<\/p>\n\n\n\n<p>A equipe da Pol\u00edcia Militar se descolou at\u00e9 o local e constatou que o autor j\u00e1 havia se evadido. Realizaram patrulhamento, por\u00e9m, ele n\u00e3o foi encontrado.<\/p>\n\n\n\n<p>A v\u00edtima recebeu os primeiros socorros e foi encaminhada para atendimentos m\u00e9dicos.<\/p>\n\n\n\n<figure class=\"wp-block-image size-full\"><img decoding=\"async\" src=\"https:\/\/radiostudiow.com.br\/site\/wp-content\/uploads\/2021\/08\/240387432_2992083691066122_4820772207429196742_n.jpg\" alt=\"\" class=\"wp-image-3380\"\/><\/figure>\n","protected":false},"excerpt":{"rendered":"<p>Rapaz de 26 anos de idade, foi agredido com uma barra de ferro e precisou ser socorrido pela equipe do Corpo de Bombeiros de S\u00e3o Mateus do Sul nessa quinta \u2013 feira (07). A v\u00edtima identificada pelas iniciais \u201cW. C.\u201d sofreu a agress\u00e3o em um posto de combust\u00edvel no Jardim Dona Ermina na BR-476. O [&hellip;]<\/p>\n","protected":false},"author":2,"featured_media":0,"comment_status":"open","ping_status":"open","sticky":false,"template":"","format":"standard","meta":{"footnotes":""},"categories":[2],"tags":[172],"class_list":["post-3962","post","type-post","status-publish","format-standard","hentry","category-policial","tag-featured"],"amp_enabled":true,"_links":{"self":[{"href":"https:\/\/radiostudiow.com.br\/site\/wp-json\/wp\/v2\/posts\/3962","targetHints":{"allow":["GET"]}}],"collection":[{"href":"https:\/\/radiostudiow.com.br\/site\/wp-json\/wp\/v2\/posts"}],"about":[{"href":"https:\/\/radiostudiow.com.br\/site\/wp-json\/wp\/v2\/types\/post"}],"author":[{"embeddable":true,"href":"https:\/\/radiostudiow.com.br\/site\/wp-json\/wp\/v2\/users\/2"}],"replies":[{"embeddable":true,"href":"https:\/\/radiostudiow.com.br\/site\/wp-json\/wp\/v2\/comments?post=3962"}],"version-history":[{"count":1,"href":"https:\/\/radiostudiow.com.br\/site\/wp-json\/wp\/v2\/posts\/3962\/revisions"}],"predecessor-version":[{"id":3964,"href":"https:\/\/radiostudiow.com.br\/site\/wp-json\/wp\/v2\/posts\/3962\/revisions\/3964"}],"wp:attachment":[{"href":"https:\/\/radiostudiow.com.br\/site\/wp-json\/wp\/v2\/media?parent=3962"}],"wp:term":[{"taxonomy":"category","embeddable":true,"href":"https:\/\/radiostudiow.com.br\/site\/wp-json\/wp\/v2\/categories?post=3962"},{"taxonomy":"post_tag","embeddable":true,"href":"https:\/\/radiostudiow.com.br\/site\/wp-json\/wp\/v2\/tags?post=3962"}],"curies":[{"name":"wp","href":"https:\/\/api.w.org\/{rel}","templated":true}]}}