{"id":39636,"date":"2025-06-21T10:55:45","date_gmt":"2025-06-21T13:55:45","guid":{"rendered":"https:\/\/radiostudiow.com.br\/site\/?p=39636"},"modified":"2025-06-21T10:56:05","modified_gmt":"2025-06-21T13:56:05","slug":"caixa-paga-bolsa-familia-a-beneficiarios-com-nis-de-final-4-2","status":"publish","type":"post","link":"https:\/\/radiostudiow.com.br\/site\/2025\/06\/21\/caixa-paga-bolsa-familia-a-beneficiarios-com-nis-de-final-4-2\/","title":{"rendered":"Caixa paga Bolsa Fam\u00edlia a benefici\u00e1rios com NIS de final 4"},"content":{"rendered":"\n<p>A Caixa Econ\u00f4mica Federal come\u00e7ou a pagar nessa sexta-feira (20) a parcela de junho do Bolsa Fam\u00edlia aos benefici\u00e1rios com N\u00famero de Inscri\u00e7\u00e3o Social (NIS) de final 4.<img decoding=\"async\" src=\"https:\/\/agenciabrasil.ebc.com.br\/ebc.png?id=1647528&amp;o=node\"><img decoding=\"async\" src=\"https:\/\/agenciabrasil.ebc.com.br\/ebc.gif?id=1647528&amp;o=node\"><\/p>\n\n\n\n<p>O valor m\u00ednimo corresponde a R$ 600, mas com o novo adicional o valor m\u00e9dio do benef\u00edcio sobe para R$ 666,01. Segundo o Minist\u00e9rio do Desenvolvimento e Assist\u00eancia Social, neste m\u00eas o programa de transfer\u00eancia de renda do governo federal alcan\u00e7ar\u00e1 20,49 milh\u00f5es de fam\u00edlias, com gasto de R$ 13,63 bilh\u00f5es.<\/p>\n\n\n\n<figure class=\"wp-block-image size-full\"><img loading=\"lazy\" decoding=\"async\" width=\"897\" height=\"204\" src=\"https:\/\/radiostudiow.com.br\/site\/wp-content\/uploads\/2025\/01\/SITE-GRANDE3.png\" alt=\"\" class=\"wp-image-32900\" srcset=\"https:\/\/radiostudiow.com.br\/site\/wp-content\/uploads\/2025\/01\/SITE-GRANDE3.png 897w, https:\/\/radiostudiow.com.br\/site\/wp-content\/uploads\/2025\/01\/SITE-GRANDE3-300x68.png 300w, https:\/\/radiostudiow.com.br\/site\/wp-content\/uploads\/2025\/01\/SITE-GRANDE3-768x175.png 768w\" sizes=\"auto, (max-width: 897px) 100vw, 897px\" \/><\/figure>\n\n\n\n<p>Al\u00e9m do benef\u00edcio m\u00ednimo, h\u00e1 o pagamento de tr\u00eas adicionais.\u00a0O Benef\u00edcio Vari\u00e1vel Familiar Nutriz paga seis parcelas de R$ 50 a m\u00e3es de beb\u00eas de at\u00e9 6 meses de idade, para garantir a alimenta\u00e7\u00e3o da crian\u00e7a. O Bolsa Fam\u00edlia tamb\u00e9m paga um acr\u00e9scimo de R$ 50 a fam\u00edlias com gestantes e filhos de 7 a 18 anos e outro, de R$ 150, a fam\u00edlias com crian\u00e7as de at\u00e9 6 anos.<\/p>\n\n\n\n<p>No modelo tradicional do Bolsa Fam\u00edlia, o pagamento ocorre nos \u00faltimos dez dias \u00fateis de cada m\u00eas. O benefici\u00e1rio poder\u00e1 consultar informa\u00e7\u00f5es sobre as datas de pagamento, o valor do benef\u00edcio e a composi\u00e7\u00e3o das parcelas no aplicativo Caixa Tem, usado para acompanhar as contas poupan\u00e7a digitais do banco.<\/p>\n\n\n\n<p>Os benefici\u00e1rios de 30 cidades receberam o pagamento na ter\u00e7a-feira, independentemente do NIS. A medida beneficiou moradores de seis estados, afetados por chuvas ou por estiagens ou com povos ind\u00edgenas em situa\u00e7\u00e3o de vulnerabilidade: Alagoas (cinco\u00a0munic\u00edpios), Amazonas (quatro), Paran\u00e1 (seis), Roraima (um), S\u00e3o Paulo (munic\u00edpio de Diadema) e Sergipe (oito).<\/p>\n\n\n\n<figure class=\"wp-block-image size-full\"><img loading=\"lazy\" decoding=\"async\" width=\"897\" height=\"204\" src=\"https:\/\/radiostudiow.com.br\/site\/wp-content\/uploads\/2025\/03\/SITE-GRANDE5.png\" alt=\"\" class=\"wp-image-35420\" srcset=\"https:\/\/radiostudiow.com.br\/site\/wp-content\/uploads\/2025\/03\/SITE-GRANDE5.png 897w, https:\/\/radiostudiow.com.br\/site\/wp-content\/uploads\/2025\/03\/SITE-GRANDE5-300x68.png 300w, https:\/\/radiostudiow.com.br\/site\/wp-content\/uploads\/2025\/03\/SITE-GRANDE5-768x175.png 768w\" sizes=\"auto, (max-width: 897px) 100vw, 897px\" \/><\/figure>\n\n\n\n<p>A&nbsp;<a href=\"https:\/\/www.gov.br\/mds\/pt-br\/noticias-e-conteudos\/desenvolvimento-social\/noticias-desenvolvimento-social\/pagamento-do-bolsa-familia-e-do-auxilio-gas-e-unificado-em-30-municipios-em-junho\" target=\"_blank\" rel=\"noreferrer noopener\">lista dos munic\u00edpios com pagamento antecipado est\u00e1 dispon\u00edvel&nbsp;<\/a>na p\u00e1gina do Minist\u00e9rio do Desenvolvimento e Assist\u00eancia Social.<\/p>\n\n\n\n<p>Desde o ano passado, os benefici\u00e1rios do Bolsa Fam\u00edlia n\u00e3o t\u00eam mais o desconto do Seguro Defeso. A mudan\u00e7a foi estabelecida pela&nbsp;<a href=\"https:\/\/www.planalto.gov.br\/ccivil_03\/_ato2023-2026\/2023\/lei\/l14601.htm\" target=\"_blank\" rel=\"noreferrer noopener\">Lei 14.601\/2023<\/a>, que resgatou o Programa Bolsa Fam\u00edlia (PBF). O Seguro Defeso \u00e9 pago a pessoas que sobrevivem exclusivamente da pesca artesanal e que n\u00e3o podem exercer a atividade durante o per\u00edodo da piracema (reprodu\u00e7\u00e3o dos peixes).<\/p>\n\n\n\n<h2 class=\"wp-block-heading\">Regra de prote\u00e7\u00e3o<\/h2>\n\n\n\n<p>Cerca de 3,02 milh\u00f5es de fam\u00edlias est\u00e3o na regra de prote\u00e7\u00e3o em junho.\u00a0Em vigor desde junho de 2023, essa regra permite que fam\u00edlias cujos membros consigam emprego e melhorem a renda recebam 50% do benef\u00edcio a que teriam direito por at\u00e9 dois anos, desde que cada integrante receba o equivalente a at\u00e9 meio sal\u00e1rio m\u00ednimo. Para essas fam\u00edlias, o benef\u00edcio m\u00e9dio ficou em R$ 365,04.<\/p>\n\n\n\n<p>A partir deste m\u00eas, quem ingressar na&nbsp;<a href=\"https:\/\/agenciabrasil.ebc.com.br\/economia\/noticia\/2025-05\/governo-altera-regra-de-transicao-do-bolsa-familia-entenda\" target=\"_blank\" rel=\"noreferrer noopener\">regra de prote\u00e7\u00e3o<\/a>&nbsp;ter\u00e1 o tempo de perman\u00eancia reduzido de dois anos para um. Quem se enquadrou na regra at\u00e9 maio deste ano continuar\u00e1 a receber metade do benef\u00edcio por dois anos.<\/p>\n\n\n\n<figure class=\"wp-block-image size-full\"><img loading=\"lazy\" decoding=\"async\" width=\"598\" height=\"204\" src=\"https:\/\/radiostudiow.com.br\/site\/wp-content\/uploads\/2025\/06\/GIF-medio-1.gif\" alt=\"\" class=\"wp-image-39619\"\/><\/figure>\n\n\n\n<h2 class=\"wp-block-heading\">Aux\u00edlio G\u00e1s<\/h2>\n\n\n\n<p>O Aux\u00edlio G\u00e1s tamb\u00e9m ser\u00e1 pago nesta sexta-feira \u00e0s fam\u00edlias inscritas\u00a0no Cadastro \u00danico para Programas Sociais do Governo Federal (Cad\u00danico), com NIS final 4.\u00a0O valor foi mantido em R$ 108 neste m\u00eas.<\/p>\n\n\n\n<p>Com dura\u00e7\u00e3o prevista at\u00e9 o fim de 2026, o programa beneficia 5,36 milh\u00f5es de fam\u00edlias. Com a aprova\u00e7\u00e3o da Emenda Constitucional da Transi\u00e7\u00e3o, no fim de 2022, o benef\u00edcio foi mantido em 100% do pre\u00e7o m\u00e9dio do botij\u00e3o de 13 kg.<\/p>\n\n\n\n<p>S\u00f3 pode receber o Aux\u00edlio G\u00e1s quem est\u00e1 inclu\u00eddo no Cad\u00danico e tenha pelo menos um membro da fam\u00edlia que receba o Benef\u00edcio de Presta\u00e7\u00e3o Continuada (BPC). A lei que criou o programa definiu que a mulher respons\u00e1vel pela fam\u00edlia ter\u00e1 prefer\u00eancia, assim como mulheres v\u00edtimas de viol\u00eancia dom\u00e9stica.<\/p>\n\n\n\n<figure class=\"wp-block-image\"><img decoding=\"async\" src=\"https:\/\/imagens.ebc.com.br\/P8BXy7TGBr_rbbkAqanFWc9inDY=\/754x0\/smart\/https:\/\/agenciabrasil.ebc.com.br\/sites\/default\/files\/thumbnails\/image\/2025\/01\/17\/calendario_bolsa_familia_2025_-_junho.png?itok=S_dxkC9f\" alt=\"Calend\u00e1rio Bolsa Fam\u00edlia 2025 - junho\" title=\"Arte EBC\"\/><\/figure>\n\n\n\n<p><strong>Arte EBC<\/strong><\/p>\n","protected":false},"excerpt":{"rendered":"<p>A Caixa Econ\u00f4mica Federal come\u00e7ou a pagar nessa sexta-feira (20) a parcela de junho do Bolsa Fam\u00edlia aos benefici\u00e1rios com N\u00famero de Inscri\u00e7\u00e3o Social (NIS) de final 4. O valor m\u00ednimo corresponde a R$ 600, mas com o novo adicional o valor m\u00e9dio do benef\u00edcio sobe para R$ 666,01. Segundo o Minist\u00e9rio do Desenvolvimento e [&hellip;]<\/p>\n","protected":false},"author":2,"featured_media":39637,"comment_status":"open","ping_status":"open","sticky":false,"template":"","format":"standard","meta":{"footnotes":""},"categories":[7],"tags":[172],"class_list":["post-39636","post","type-post","status-publish","format-standard","has-post-thumbnail","hentry","category-geral","tag-featured"],"amp_enabled":true,"_links":{"self":[{"href":"https:\/\/radiostudiow.com.br\/site\/wp-json\/wp\/v2\/posts\/39636","targetHints":{"allow":["GET"]}}],"collection":[{"href":"https:\/\/radiostudiow.com.br\/site\/wp-json\/wp\/v2\/posts"}],"about":[{"href":"https:\/\/radiostudiow.com.br\/site\/wp-json\/wp\/v2\/types\/post"}],"author":[{"embeddable":true,"href":"https:\/\/radiostudiow.com.br\/site\/wp-json\/wp\/v2\/users\/2"}],"replies":[{"embeddable":true,"href":"https:\/\/radiostudiow.com.br\/site\/wp-json\/wp\/v2\/comments?post=39636"}],"version-history":[{"count":2,"href":"https:\/\/radiostudiow.com.br\/site\/wp-json\/wp\/v2\/posts\/39636\/revisions"}],"predecessor-version":[{"id":39639,"href":"https:\/\/radiostudiow.com.br\/site\/wp-json\/wp\/v2\/posts\/39636\/revisions\/39639"}],"wp:featuredmedia":[{"embeddable":true,"href":"https:\/\/radiostudiow.com.br\/site\/wp-json\/wp\/v2\/media\/39637"}],"wp:attachment":[{"href":"https:\/\/radiostudiow.com.br\/site\/wp-json\/wp\/v2\/media?parent=39636"}],"wp:term":[{"taxonomy":"category","embeddable":true,"href":"https:\/\/radiostudiow.com.br\/site\/wp-json\/wp\/v2\/categories?post=39636"},{"taxonomy":"post_tag","embeddable":true,"href":"https:\/\/radiostudiow.com.br\/site\/wp-json\/wp\/v2\/tags?post=39636"}],"curies":[{"name":"wp","href":"https:\/\/api.w.org\/{rel}","templated":true}]}}