{"id":3965,"date":"2021-10-09T09:42:56","date_gmt":"2021-10-09T12:42:56","guid":{"rendered":"https:\/\/radiostudiow.com.br\/site\/?p=3965"},"modified":"2025-01-31T15:12:26","modified_gmt":"2025-01-31T18:12:26","slug":"morador-de-paula-freitas-e-ameacado-pelo-vizinho","status":"publish","type":"post","link":"https:\/\/radiostudiow.com.br\/site\/2021\/10\/09\/morador-de-paula-freitas-e-ameacado-pelo-vizinho\/","title":{"rendered":"Morador de Paula Freitas \u00e9 amea\u00e7ado pelo vizinho"},"content":{"rendered":"\n<p>Morador de Paula Freitas foi amea\u00e7ado pelo vizinho ap\u00f3s discuss\u00e3o na localidade de Carazinho \u00e1rea rural de Paula Freitas por volta das 17:00 horas dessa sexta \u2013 feira (08).<\/p>\n\n\n\n<p>De acordo com o solicitante, seu vizinho proferiu amea\u00e7as na posse de uma arma de fogo. No local a equipe da Pol\u00edcia Militar fez a abordagem, n\u00e3o sendo localizada arma de fogo.<\/p>\n\n\n\n<p>Diante da situa\u00e7\u00e3o a v\u00edtima foi orientada e elaborada Boletim de Ocorr\u00eancia.<\/p>\n\n\n\n<figure class=\"wp-block-image size-full\"><img decoding=\"async\" src=\"https:\/\/radiostudiow.com.br\/site\/wp-content\/uploads\/2021\/09\/NUTRI-MALLET.jpg\" alt=\"\" class=\"wp-image-3543\"\/><\/figure>\n","protected":false},"excerpt":{"rendered":"<p>Morador de Paula Freitas foi amea\u00e7ado pelo vizinho ap\u00f3s discuss\u00e3o na localidade de Carazinho \u00e1rea rural de Paula Freitas por volta das 17:00 horas dessa sexta \u2013 feira (08). De acordo com o solicitante, seu vizinho proferiu amea\u00e7as na posse de uma arma de fogo. No local a equipe da Pol\u00edcia Militar fez a abordagem, [&hellip;]<\/p>\n","protected":false},"author":2,"featured_media":0,"comment_status":"open","ping_status":"open","sticky":false,"template":"","format":"standard","meta":{"footnotes":""},"categories":[2],"tags":[172],"class_list":["post-3965","post","type-post","status-publish","format-standard","hentry","category-policial","tag-featured"],"amp_enabled":true,"_links":{"self":[{"href":"https:\/\/radiostudiow.com.br\/site\/wp-json\/wp\/v2\/posts\/3965","targetHints":{"allow":["GET"]}}],"collection":[{"href":"https:\/\/radiostudiow.com.br\/site\/wp-json\/wp\/v2\/posts"}],"about":[{"href":"https:\/\/radiostudiow.com.br\/site\/wp-json\/wp\/v2\/types\/post"}],"author":[{"embeddable":true,"href":"https:\/\/radiostudiow.com.br\/site\/wp-json\/wp\/v2\/users\/2"}],"replies":[{"embeddable":true,"href":"https:\/\/radiostudiow.com.br\/site\/wp-json\/wp\/v2\/comments?post=3965"}],"version-history":[{"count":1,"href":"https:\/\/radiostudiow.com.br\/site\/wp-json\/wp\/v2\/posts\/3965\/revisions"}],"predecessor-version":[{"id":3966,"href":"https:\/\/radiostudiow.com.br\/site\/wp-json\/wp\/v2\/posts\/3965\/revisions\/3966"}],"wp:attachment":[{"href":"https:\/\/radiostudiow.com.br\/site\/wp-json\/wp\/v2\/media?parent=3965"}],"wp:term":[{"taxonomy":"category","embeddable":true,"href":"https:\/\/radiostudiow.com.br\/site\/wp-json\/wp\/v2\/categories?post=3965"},{"taxonomy":"post_tag","embeddable":true,"href":"https:\/\/radiostudiow.com.br\/site\/wp-json\/wp\/v2\/tags?post=3965"}],"curies":[{"name":"wp","href":"https:\/\/api.w.org\/{rel}","templated":true}]}}