{"id":3967,"date":"2021-10-09T10:10:04","date_gmt":"2021-10-09T13:10:04","guid":{"rendered":"https:\/\/radiostudiow.com.br\/site\/?p=3967"},"modified":"2025-01-31T15:12:26","modified_gmt":"2025-01-31T18:12:26","slug":"morador-de-sao-mateus-do-sul-sofre-acidente-na-br-476","status":"publish","type":"post","link":"https:\/\/radiostudiow.com.br\/site\/2021\/10\/09\/morador-de-sao-mateus-do-sul-sofre-acidente-na-br-476\/","title":{"rendered":"Morador de S\u00e3o Mateus do Sul sofre acidente na BR-476"},"content":{"rendered":"\n<p>Morador de S\u00e3o Mateus do Sul se envolveu em um acidente por volta das 04:00 horas desse s\u00e1bado, 09 de outubro, na na BR-476, km 341.<\/p>\n\n\n\n<p>De acordo com o Portal V.Vale, o motorista \u00e9 morador de S\u00e3o Mateus do Sul, mas trabalha no munic\u00edpio de Paula Freitas. Ele estava em Uni\u00e3o da Vit\u00f3ria e no retorno para Paula Freitas o acidente aconteceu.<\/p>\n\n\n\n<p>A equipe do Corpo de Bombeiros de Uni\u00e3o da Vit\u00f3ria atendeu a colis\u00e3o e a v\u00edtima foi encaminhada at\u00e9 o Hospital Regional, em Uni\u00e3o da Vit\u00f3ria, com ferimentos.<\/p>\n\n\n\n<figure class=\"wp-block-image size-full\"><img decoding=\"async\" src=\"https:\/\/radiostudiow.com.br\/site\/wp-content\/uploads\/2021\/08\/vem_ai-1.jpg\" alt=\"\" class=\"wp-image-3387\"\/><\/figure>\n","protected":false},"excerpt":{"rendered":"<p>Morador de S\u00e3o Mateus do Sul se envolveu em um acidente por volta das 04:00 horas desse s\u00e1bado, 09 de outubro, na na BR-476, km 341. De acordo com o Portal V.Vale, o motorista \u00e9 morador de S\u00e3o Mateus do Sul, mas trabalha no munic\u00edpio de Paula Freitas. Ele estava em Uni\u00e3o da Vit\u00f3ria e [&hellip;]<\/p>\n","protected":false},"author":2,"featured_media":3968,"comment_status":"open","ping_status":"open","sticky":false,"template":"","format":"standard","meta":{"footnotes":""},"categories":[2],"tags":[172],"class_list":["post-3967","post","type-post","status-publish","format-standard","has-post-thumbnail","hentry","category-policial","tag-featured"],"amp_enabled":true,"_links":{"self":[{"href":"https:\/\/radiostudiow.com.br\/site\/wp-json\/wp\/v2\/posts\/3967","targetHints":{"allow":["GET"]}}],"collection":[{"href":"https:\/\/radiostudiow.com.br\/site\/wp-json\/wp\/v2\/posts"}],"about":[{"href":"https:\/\/radiostudiow.com.br\/site\/wp-json\/wp\/v2\/types\/post"}],"author":[{"embeddable":true,"href":"https:\/\/radiostudiow.com.br\/site\/wp-json\/wp\/v2\/users\/2"}],"replies":[{"embeddable":true,"href":"https:\/\/radiostudiow.com.br\/site\/wp-json\/wp\/v2\/comments?post=3967"}],"version-history":[{"count":1,"href":"https:\/\/radiostudiow.com.br\/site\/wp-json\/wp\/v2\/posts\/3967\/revisions"}],"predecessor-version":[{"id":3969,"href":"https:\/\/radiostudiow.com.br\/site\/wp-json\/wp\/v2\/posts\/3967\/revisions\/3969"}],"wp:featuredmedia":[{"embeddable":true,"href":"https:\/\/radiostudiow.com.br\/site\/wp-json\/wp\/v2\/media\/3968"}],"wp:attachment":[{"href":"https:\/\/radiostudiow.com.br\/site\/wp-json\/wp\/v2\/media?parent=3967"}],"wp:term":[{"taxonomy":"category","embeddable":true,"href":"https:\/\/radiostudiow.com.br\/site\/wp-json\/wp\/v2\/categories?post=3967"},{"taxonomy":"post_tag","embeddable":true,"href":"https:\/\/radiostudiow.com.br\/site\/wp-json\/wp\/v2\/tags?post=3967"}],"curies":[{"name":"wp","href":"https:\/\/api.w.org\/{rel}","templated":true}]}}