{"id":39684,"date":"2025-06-23T18:34:26","date_gmt":"2025-06-23T21:34:26","guid":{"rendered":"https:\/\/radiostudiow.com.br\/site\/?p=39684"},"modified":"2025-06-23T18:34:26","modified_gmt":"2025-06-23T21:34:26","slug":"homem-com-mandado-de-prisao-e-detido-em-reboucas","status":"publish","type":"post","link":"https:\/\/radiostudiow.com.br\/site\/2025\/06\/23\/homem-com-mandado-de-prisao-e-detido-em-reboucas\/","title":{"rendered":"Homem com mandado de pris\u00e3o \u00e9 detido em Rebou\u00e7as"},"content":{"rendered":"\n<figure class=\"wp-block-image size-full\"><img loading=\"lazy\" decoding=\"async\" width=\"598\" height=\"204\" src=\"https:\/\/radiostudiow.com.br\/site\/wp-content\/uploads\/2024\/01\/SITE-MEDIO.png\" alt=\"\" class=\"wp-image-18916\" srcset=\"https:\/\/radiostudiow.com.br\/site\/wp-content\/uploads\/2024\/01\/SITE-MEDIO.png 598w, https:\/\/radiostudiow.com.br\/site\/wp-content\/uploads\/2024\/01\/SITE-MEDIO-300x102.png 300w\" sizes=\"auto, (max-width: 598px) 100vw, 598px\" \/><\/figure>\n\n\n\n<p>A equipe da Pol\u00edcia Militar de Rebou\u00e7as cumpriu um mandado de pris\u00e3o durante patrulhamento no bairro Vila Feliz por volta das 10h05min de sexta-feira (20).<\/p>\n\n\n\n<p>De acordo com o boletim da PM, os policiais avistaram um homem em via p\u00fablica que, ao notar a presen\u00e7a da viatura, tentou entrar rapidamente no p\u00e1tio de uma resid\u00eancia. A atitude levantou suspeitas e motivou a abordagem por parte da equipe.<\/p>\n\n\n\n<figure class=\"wp-block-image size-full\"><img loading=\"lazy\" decoding=\"async\" width=\"300\" height=\"180\" src=\"https:\/\/radiostudiow.com.br\/site\/wp-content\/uploads\/2025\/06\/FRAN.png\" alt=\"\" class=\"wp-image-39576\"\/><\/figure>\n\n\n\n<p>Durante a revista pessoal, nada de il\u00edcito foi encontrado. No entanto, ap\u00f3s a identifica\u00e7\u00e3o do indiv\u00edduo e consulta ao sistema policial, foi constatado que havia um mandado de pris\u00e3o em aberto contra ele.<\/p>\n\n\n\n<p>O homem foi encaminhado para a realiza\u00e7\u00e3o de exame de les\u00e3o corporal e, em seguida, conduzido ao Departamento Penitenci\u00e1rio (Depende Irati, onde permanece \u00e0 disposi\u00e7\u00e3o da Justi\u00e7a.<\/p>\n\n\n\n<p>Com informa\u00e7\u00f5es da Pol\u00edcia Militar.<\/p>\n","protected":false},"excerpt":{"rendered":"<p>A equipe da Pol\u00edcia Militar de Rebou\u00e7as cumpriu um mandado de pris\u00e3o durante patrulhamento no bairro Vila Feliz por volta das 10h05min de sexta-feira (20). De acordo com o boletim da PM, os policiais avistaram um homem em via p\u00fablica que, ao notar a presen\u00e7a da viatura, tentou entrar rapidamente no p\u00e1tio de uma resid\u00eancia. [&hellip;]<\/p>\n","protected":false},"author":2,"featured_media":35298,"comment_status":"open","ping_status":"open","sticky":false,"template":"","format":"standard","meta":{"footnotes":""},"categories":[2],"tags":[172],"class_list":["post-39684","post","type-post","status-publish","format-standard","has-post-thumbnail","hentry","category-policial","tag-featured"],"amp_enabled":true,"_links":{"self":[{"href":"https:\/\/radiostudiow.com.br\/site\/wp-json\/wp\/v2\/posts\/39684","targetHints":{"allow":["GET"]}}],"collection":[{"href":"https:\/\/radiostudiow.com.br\/site\/wp-json\/wp\/v2\/posts"}],"about":[{"href":"https:\/\/radiostudiow.com.br\/site\/wp-json\/wp\/v2\/types\/post"}],"author":[{"embeddable":true,"href":"https:\/\/radiostudiow.com.br\/site\/wp-json\/wp\/v2\/users\/2"}],"replies":[{"embeddable":true,"href":"https:\/\/radiostudiow.com.br\/site\/wp-json\/wp\/v2\/comments?post=39684"}],"version-history":[{"count":1,"href":"https:\/\/radiostudiow.com.br\/site\/wp-json\/wp\/v2\/posts\/39684\/revisions"}],"predecessor-version":[{"id":39686,"href":"https:\/\/radiostudiow.com.br\/site\/wp-json\/wp\/v2\/posts\/39684\/revisions\/39686"}],"wp:featuredmedia":[{"embeddable":true,"href":"https:\/\/radiostudiow.com.br\/site\/wp-json\/wp\/v2\/media\/35298"}],"wp:attachment":[{"href":"https:\/\/radiostudiow.com.br\/site\/wp-json\/wp\/v2\/media?parent=39684"}],"wp:term":[{"taxonomy":"category","embeddable":true,"href":"https:\/\/radiostudiow.com.br\/site\/wp-json\/wp\/v2\/categories?post=39684"},{"taxonomy":"post_tag","embeddable":true,"href":"https:\/\/radiostudiow.com.br\/site\/wp-json\/wp\/v2\/tags?post=39684"}],"curies":[{"name":"wp","href":"https:\/\/api.w.org\/{rel}","templated":true}]}}