{"id":39685,"date":"2025-06-23T18:43:08","date_gmt":"2025-06-23T21:43:08","guid":{"rendered":"https:\/\/radiostudiow.com.br\/site\/?p=39685"},"modified":"2025-06-23T18:43:09","modified_gmt":"2025-06-23T21:43:09","slug":"frio-intenso-avanca-sobre-o-parana-e-mallet-vai-registrar-temperaturas-negativas","status":"publish","type":"post","link":"https:\/\/radiostudiow.com.br\/site\/2025\/06\/23\/frio-intenso-avanca-sobre-o-parana-e-mallet-vai-registrar-temperaturas-negativas\/","title":{"rendered":"Frio intenso avan\u00e7a sobre o Paran\u00e1 e Mallet vai registrar temperaturas negativas"},"content":{"rendered":"\n<figure class=\"wp-block-image size-full\"><img loading=\"lazy\" decoding=\"async\" width=\"897\" height=\"204\" src=\"https:\/\/radiostudiow.com.br\/site\/wp-content\/uploads\/2025\/06\/BARROS.png\" alt=\"\" class=\"wp-image-39575\" srcset=\"https:\/\/radiostudiow.com.br\/site\/wp-content\/uploads\/2025\/06\/BARROS.png 897w, https:\/\/radiostudiow.com.br\/site\/wp-content\/uploads\/2025\/06\/BARROS-300x68.png 300w, https:\/\/radiostudiow.com.br\/site\/wp-content\/uploads\/2025\/06\/BARROS-768x175.png 768w\" sizes=\"auto, (max-width: 897px) 100vw, 897px\" \/><\/figure>\n\n\n\n<p>O avan\u00e7o de uma intensa massa de ar frio de origem polar est\u00e1 mudando o cen\u00e1rio clim\u00e1tico em todo o Paran\u00e1.\u00a0<\/p>\n\n\n\n<p><strong>A previs\u00e3o indica c\u00e9u limpo e queda acentuada nas temperaturas, com destaque para o centro-sul do estado, onde est\u00e3o previstas temperaturas negativas e geadas intensas.<\/strong><\/p>\n\n\n\n<h2 class=\"wp-block-heading\"><strong>Em Mallet, os term\u00f4metros devem atingir -1\u00b0C nas madrugadas de ter\u00e7a (24) e quarta-feira (25), conforme os dados da Somar Meteorologia. Durante o dia, o tempo permanece ensolarado, mas o frio persiste, com m\u00e1ximas que n\u00e3o ultrapassam os 14\u202f\u00b0C. A sensa\u00e7\u00e3o t\u00e9rmica deve ser ainda mais baixa, especialmente nas primeiras horas da manh\u00e3.<\/strong><\/h2>\n\n\n\n<p><\/p>\n\n\n\n<figure class=\"wp-block-image size-full\"><img loading=\"lazy\" decoding=\"async\" width=\"598\" height=\"204\" src=\"https:\/\/radiostudiow.com.br\/site\/wp-content\/uploads\/2025\/06\/GIF-medio-2.gif\" alt=\"\" class=\"wp-image-39620\"\/><\/figure>\n\n\n\n<h2 class=\"wp-block-heading\">ATEN\u00c7\u00c3O!<\/h2>\n\n\n\n<blockquote class=\"wp-block-quote is-layout-flow wp-block-quote-is-layout-flow\">\n<p><strong>H\u00e1 alerta para forma\u00e7\u00e3o de geada em todas as regi\u00f5es do estado, sendo mais intensa na faixa sul paranaense. Em algumas \u00e1reas, inclusive em Mallet, h\u00e1 risco de ocorr\u00eancia da chamada \u201cgeada negra\u201d, um fen\u00f4meno em que o frio intenso e o vento provocam o congelamento da seiva das plantas, resultando em necrose e risco de perdas nas planta\u00e7\u00f5es.<\/strong><\/p>\n\n\n\n<p><\/p>\n<\/blockquote>\n\n\n\n<h2 class=\"wp-block-heading\"><strong>A previs\u00e3o para quinta-feira (26) \u00e9 de mudan\u00e7a no tempo, com chuva durante todo o dia e temperaturas variando entre 6\u202f\u00b0C e 13\u202f\u00b0C.<\/strong><\/h2>\n\n\n\n<p><\/p>\n\n\n\n<figure class=\"wp-block-image size-full\"><img loading=\"lazy\" decoding=\"async\" width=\"897\" height=\"204\" src=\"https:\/\/radiostudiow.com.br\/site\/wp-content\/uploads\/2025\/05\/NUTRI-MALLET.png\" alt=\"\" class=\"wp-image-37813\" srcset=\"https:\/\/radiostudiow.com.br\/site\/wp-content\/uploads\/2025\/05\/NUTRI-MALLET.png 897w, https:\/\/radiostudiow.com.br\/site\/wp-content\/uploads\/2025\/05\/NUTRI-MALLET-300x68.png 300w, https:\/\/radiostudiow.com.br\/site\/wp-content\/uploads\/2025\/05\/NUTRI-MALLET-768x175.png 768w\" sizes=\"auto, (max-width: 897px) 100vw, 897px\" \/><\/figure>\n\n\n\n<blockquote class=\"wp-block-quote is-layout-flow wp-block-quote-is-layout-flow\">\n<figure class=\"wp-block-image size-large\"><img loading=\"lazy\" decoding=\"async\" width=\"1024\" height=\"576\" src=\"https:\/\/radiostudiow.com.br\/site\/wp-content\/uploads\/2025\/06\/4bc4cdce-4df4-40dc-9a1e-6f522d0d16c1-1024x576.jpg\" alt=\"\" class=\"wp-image-39689\" srcset=\"https:\/\/radiostudiow.com.br\/site\/wp-content\/uploads\/2025\/06\/4bc4cdce-4df4-40dc-9a1e-6f522d0d16c1-1024x576.jpg 1024w, https:\/\/radiostudiow.com.br\/site\/wp-content\/uploads\/2025\/06\/4bc4cdce-4df4-40dc-9a1e-6f522d0d16c1-300x169.jpg 300w, https:\/\/radiostudiow.com.br\/site\/wp-content\/uploads\/2025\/06\/4bc4cdce-4df4-40dc-9a1e-6f522d0d16c1-768x432.jpg 768w, https:\/\/radiostudiow.com.br\/site\/wp-content\/uploads\/2025\/06\/4bc4cdce-4df4-40dc-9a1e-6f522d0d16c1-1536x864.jpg 1536w, https:\/\/radiostudiow.com.br\/site\/wp-content\/uploads\/2025\/06\/4bc4cdce-4df4-40dc-9a1e-6f522d0d16c1.jpg 1600w\" sizes=\"auto, (max-width: 1024px) 100vw, 1024px\" \/><\/figure>\n\n\n\n<p><\/p>\n\n\n\n<p><strong><em>Prepare-se: agasalhos refor\u00e7ados, cuidado com a sa\u00fade e aten\u00e7\u00e3o redobrada para agricultores da regi\u00e3o.<\/em><\/strong><\/p>\n<\/blockquote>\n\n\n\n<h2 class=\"wp-block-heading\">Fonte: SIMEPAR &#8211; Reda\u00e7\u00e3o: Studio W<\/h2>\n\n\n\n<p><\/p>\n","protected":false},"excerpt":{"rendered":"<p>O avan\u00e7o de uma intensa massa de ar frio de origem polar est\u00e1 mudando o cen\u00e1rio clim\u00e1tico em todo o Paran\u00e1.\u00a0 A previs\u00e3o indica c\u00e9u limpo e queda acentuada nas temperaturas, com destaque para o centro-sul do estado, onde est\u00e3o previstas temperaturas negativas e geadas intensas. Em Mallet, os term\u00f4metros devem atingir -1\u00b0C nas madrugadas [&hellip;]<\/p>\n","protected":false},"author":2,"featured_media":39688,"comment_status":"open","ping_status":"open","sticky":false,"template":"","format":"standard","meta":{"footnotes":""},"categories":[184],"tags":[172],"class_list":["post-39685","post","type-post","status-publish","format-standard","has-post-thumbnail","hentry","category-local","tag-featured"],"amp_enabled":true,"_links":{"self":[{"href":"https:\/\/radiostudiow.com.br\/site\/wp-json\/wp\/v2\/posts\/39685","targetHints":{"allow":["GET"]}}],"collection":[{"href":"https:\/\/radiostudiow.com.br\/site\/wp-json\/wp\/v2\/posts"}],"about":[{"href":"https:\/\/radiostudiow.com.br\/site\/wp-json\/wp\/v2\/types\/post"}],"author":[{"embeddable":true,"href":"https:\/\/radiostudiow.com.br\/site\/wp-json\/wp\/v2\/users\/2"}],"replies":[{"embeddable":true,"href":"https:\/\/radiostudiow.com.br\/site\/wp-json\/wp\/v2\/comments?post=39685"}],"version-history":[{"count":1,"href":"https:\/\/radiostudiow.com.br\/site\/wp-json\/wp\/v2\/posts\/39685\/revisions"}],"predecessor-version":[{"id":39690,"href":"https:\/\/radiostudiow.com.br\/site\/wp-json\/wp\/v2\/posts\/39685\/revisions\/39690"}],"wp:featuredmedia":[{"embeddable":true,"href":"https:\/\/radiostudiow.com.br\/site\/wp-json\/wp\/v2\/media\/39688"}],"wp:attachment":[{"href":"https:\/\/radiostudiow.com.br\/site\/wp-json\/wp\/v2\/media?parent=39685"}],"wp:term":[{"taxonomy":"category","embeddable":true,"href":"https:\/\/radiostudiow.com.br\/site\/wp-json\/wp\/v2\/categories?post=39685"},{"taxonomy":"post_tag","embeddable":true,"href":"https:\/\/radiostudiow.com.br\/site\/wp-json\/wp\/v2\/tags?post=39685"}],"curies":[{"name":"wp","href":"https:\/\/api.w.org\/{rel}","templated":true}]}}