{"id":39696,"date":"2025-06-24T10:23:02","date_gmt":"2025-06-24T13:23:02","guid":{"rendered":"https:\/\/radiostudiow.com.br\/site\/?p=39696"},"modified":"2025-06-24T11:42:30","modified_gmt":"2025-06-24T14:42:30","slug":"curva-do-limoeiro-em-paulo-frontin-registra-novo-acidente-com-caminhao-carregado-de-blocos-de-concreto","status":"publish","type":"post","link":"https:\/\/radiostudiow.com.br\/site\/2025\/06\/24\/curva-do-limoeiro-em-paulo-frontin-registra-novo-acidente-com-caminhao-carregado-de-blocos-de-concreto\/","title":{"rendered":"Curva do Limoeiro, em Paulo Frontin, registra novo acidente com caminh\u00e3o carregado de blocos de concreto"},"content":{"rendered":"\n<p class=\"has-text-align-center\"><em>Fonte: VVale<\/em><\/p>\n\n\n\n<figure class=\"wp-block-image size-full\"><img loading=\"lazy\" decoding=\"async\" width=\"897\" height=\"204\" src=\"https:\/\/radiostudiow.com.br\/site\/wp-content\/uploads\/2025\/03\/image-62.png\" alt=\"\" class=\"wp-image-35859\" srcset=\"https:\/\/radiostudiow.com.br\/site\/wp-content\/uploads\/2025\/03\/image-62.png 897w, https:\/\/radiostudiow.com.br\/site\/wp-content\/uploads\/2025\/03\/image-62-300x68.png 300w, https:\/\/radiostudiow.com.br\/site\/wp-content\/uploads\/2025\/03\/image-62-768x175.png 768w\" sizes=\"auto, (max-width: 897px) 100vw, 897px\" \/><\/figure>\n\n\n\n<p>A conhecida e temida \u201cCurva do Limoeiro\u201d, situada na regi\u00e3o de Paulo Frontin, foi novamente cen\u00e1rio de um acidente de tr\u00e2nsito na manh\u00e3 desta ter\u00e7a-feira (24).<\/p>\n\n\n\n<p>Um caminh\u00e3o carregado com blocos de concreto saiu da pista ao n\u00e3o conseguir completar a curva, espalhando parte da carga pela rodovia e provocando lentid\u00e3o no tr\u00e1fego.<\/p>\n\n\n\n<p>Segundo as primeiras informa\u00e7\u00f5es repassadas pelas autoridades, o condutor da carreta perdeu o controle do ve\u00edculo ao tentar contornar a curva acentuada, avan\u00e7ando em linha reta e saindo da pista. Os blocos de concreto transportados ca\u00edram e ficaram espalhados sobre a via, ocupando parte da pista e exigindo aten\u00e7\u00e3o dos demais motoristas que transitavam pelo local.<\/p>\n\n\n\n<figure class=\"wp-block-image size-full\"><img loading=\"lazy\" decoding=\"async\" width=\"897\" height=\"204\" src=\"https:\/\/radiostudiow.com.br\/site\/wp-content\/uploads\/2025\/05\/NUTRI-MALLET.png\" alt=\"\" class=\"wp-image-37813\" srcset=\"https:\/\/radiostudiow.com.br\/site\/wp-content\/uploads\/2025\/05\/NUTRI-MALLET.png 897w, https:\/\/radiostudiow.com.br\/site\/wp-content\/uploads\/2025\/05\/NUTRI-MALLET-300x68.png 300w, https:\/\/radiostudiow.com.br\/site\/wp-content\/uploads\/2025\/05\/NUTRI-MALLET-768x175.png 768w\" sizes=\"auto, (max-width: 897px) 100vw, 897px\" \/><\/figure>\n\n\n\n<p>Equipes de resgate e da Pol\u00edcia Rodovi\u00e1ria foram rapidamente acionadas para prestar atendimento \u00e0 ocorr\u00eancia.<\/p>\n\n\n\n<p>At\u00e9 o momento, n\u00e3o h\u00e1 confirma\u00e7\u00e3o sobre o estado de sa\u00fade do motorista ou a exist\u00eancia de feridos. A prioridade no local tem sido a remo\u00e7\u00e3o da carga, o controle do tr\u00e1fego e a seguran\u00e7a de outros condutores.<\/p>\n\n\n\n<p>Moradores e motoristas que utilizam frequentemente a rodovia refor\u00e7am os pedidos por melhorias e medidas de seguran\u00e7a nesta Curva do Limoeiro, onde acidentes s\u00e3o recorrentes.<\/p>\n\n\n\n<p>A orienta\u00e7\u00e3o \u00e9 para que os motoristas redobrem a aten\u00e7\u00e3o ao passarem pela regi\u00e3o at\u00e9 que a situa\u00e7\u00e3o seja completamente normalizada.<\/p>\n\n\n\n<p><\/p>\n\n\n\n<figure class=\"wp-block-image size-large\"><img loading=\"lazy\" decoding=\"async\" width=\"1024\" height=\"771\" src=\"https:\/\/radiostudiow.com.br\/site\/wp-content\/uploads\/2025\/06\/9bfe3f8c-bff2-4880-bdb7-ddaf8d1d8b87-1024x771.jpg\" alt=\"\" class=\"wp-image-39704\" srcset=\"https:\/\/radiostudiow.com.br\/site\/wp-content\/uploads\/2025\/06\/9bfe3f8c-bff2-4880-bdb7-ddaf8d1d8b87-1024x771.jpg 1024w, https:\/\/radiostudiow.com.br\/site\/wp-content\/uploads\/2025\/06\/9bfe3f8c-bff2-4880-bdb7-ddaf8d1d8b87-300x226.jpg 300w, https:\/\/radiostudiow.com.br\/site\/wp-content\/uploads\/2025\/06\/9bfe3f8c-bff2-4880-bdb7-ddaf8d1d8b87-768x578.jpg 768w, https:\/\/radiostudiow.com.br\/site\/wp-content\/uploads\/2025\/06\/9bfe3f8c-bff2-4880-bdb7-ddaf8d1d8b87-1536x1156.jpg 1536w, https:\/\/radiostudiow.com.br\/site\/wp-content\/uploads\/2025\/06\/9bfe3f8c-bff2-4880-bdb7-ddaf8d1d8b87.jpg 1600w\" sizes=\"auto, (max-width: 1024px) 100vw, 1024px\" \/><\/figure>\n\n\n\n<figure class=\"wp-block-image size-full\"><img loading=\"lazy\" decoding=\"async\" width=\"897\" height=\"204\" src=\"https:\/\/radiostudiow.com.br\/site\/wp-content\/uploads\/2025\/06\/BARROS.png\" alt=\"\" class=\"wp-image-39575\" srcset=\"https:\/\/radiostudiow.com.br\/site\/wp-content\/uploads\/2025\/06\/BARROS.png 897w, https:\/\/radiostudiow.com.br\/site\/wp-content\/uploads\/2025\/06\/BARROS-300x68.png 300w, https:\/\/radiostudiow.com.br\/site\/wp-content\/uploads\/2025\/06\/BARROS-768x175.png 768w\" sizes=\"auto, (max-width: 897px) 100vw, 897px\" \/><\/figure>\n","protected":false},"excerpt":{"rendered":"<p>Fonte: VVale A conhecida e temida \u201cCurva do Limoeiro\u201d, situada na regi\u00e3o de Paulo Frontin, foi novamente cen\u00e1rio de um acidente de tr\u00e2nsito na manh\u00e3 desta ter\u00e7a-feira (24). Um caminh\u00e3o carregado com blocos de concreto saiu da pista ao n\u00e3o conseguir completar a curva, espalhando parte da carga pela rodovia e provocando lentid\u00e3o no tr\u00e1fego. [&hellip;]<\/p>\n","protected":false},"author":2,"featured_media":39697,"comment_status":"open","ping_status":"open","sticky":false,"template":"","format":"standard","meta":{"footnotes":""},"categories":[185],"tags":[172],"class_list":["post-39696","post","type-post","status-publish","format-standard","has-post-thumbnail","hentry","category-regional","tag-featured"],"amp_enabled":true,"_links":{"self":[{"href":"https:\/\/radiostudiow.com.br\/site\/wp-json\/wp\/v2\/posts\/39696","targetHints":{"allow":["GET"]}}],"collection":[{"href":"https:\/\/radiostudiow.com.br\/site\/wp-json\/wp\/v2\/posts"}],"about":[{"href":"https:\/\/radiostudiow.com.br\/site\/wp-json\/wp\/v2\/types\/post"}],"author":[{"embeddable":true,"href":"https:\/\/radiostudiow.com.br\/site\/wp-json\/wp\/v2\/users\/2"}],"replies":[{"embeddable":true,"href":"https:\/\/radiostudiow.com.br\/site\/wp-json\/wp\/v2\/comments?post=39696"}],"version-history":[{"count":2,"href":"https:\/\/radiostudiow.com.br\/site\/wp-json\/wp\/v2\/posts\/39696\/revisions"}],"predecessor-version":[{"id":39705,"href":"https:\/\/radiostudiow.com.br\/site\/wp-json\/wp\/v2\/posts\/39696\/revisions\/39705"}],"wp:featuredmedia":[{"embeddable":true,"href":"https:\/\/radiostudiow.com.br\/site\/wp-json\/wp\/v2\/media\/39697"}],"wp:attachment":[{"href":"https:\/\/radiostudiow.com.br\/site\/wp-json\/wp\/v2\/media?parent=39696"}],"wp:term":[{"taxonomy":"category","embeddable":true,"href":"https:\/\/radiostudiow.com.br\/site\/wp-json\/wp\/v2\/categories?post=39696"},{"taxonomy":"post_tag","embeddable":true,"href":"https:\/\/radiostudiow.com.br\/site\/wp-json\/wp\/v2\/tags?post=39696"}],"curies":[{"name":"wp","href":"https:\/\/api.w.org\/{rel}","templated":true}]}}