{"id":39706,"date":"2025-06-24T13:52:01","date_gmt":"2025-06-24T16:52:01","guid":{"rendered":"https:\/\/radiostudiow.com.br\/site\/?p=39706"},"modified":"2025-06-24T13:52:01","modified_gmt":"2025-06-24T16:52:01","slug":"policia-militar-do-3o-pelotao-cabo-abrao-kanclarovicz-atende-diversas-ocorrencias-na-cidade-e-interior-de-mallet","status":"publish","type":"post","link":"https:\/\/radiostudiow.com.br\/site\/2025\/06\/24\/policia-militar-do-3o-pelotao-cabo-abrao-kanclarovicz-atende-diversas-ocorrencias-na-cidade-e-interior-de-mallet\/","title":{"rendered":"Pol\u00edcia Militar do 3\u00ba Pelot\u00e3o Cabo Abr\u00e3o Kanclarovicz, Atende Diversas Ocorr\u00eancias na Cidade e Interior de Mallet"},"content":{"rendered":"\n<p><\/p>\n\n\n\n<figure class=\"wp-block-image size-full\"><img loading=\"lazy\" decoding=\"async\" width=\"897\" height=\"204\" src=\"https:\/\/radiostudiow.com.br\/site\/wp-content\/uploads\/2025\/06\/BARROS.png\" alt=\"\" class=\"wp-image-39575\" srcset=\"https:\/\/radiostudiow.com.br\/site\/wp-content\/uploads\/2025\/06\/BARROS.png 897w, https:\/\/radiostudiow.com.br\/site\/wp-content\/uploads\/2025\/06\/BARROS-300x68.png 300w, https:\/\/radiostudiow.com.br\/site\/wp-content\/uploads\/2025\/06\/BARROS-768x175.png 768w\" sizes=\"auto, (max-width: 897px) 100vw, 897px\" \/><\/figure>\n\n\n\n<h2 class=\"wp-block-heading\">Veja s\u00f3 as ocorr\u00eancias registradas pela Policia Militar de Mallet<\/h2>\n\n\n\n<p><\/p>\n\n\n\n<p>A Pol\u00edcia Militar de Mallet registrou uma s\u00e9rie de atendimentos entre os dias 19 e 22 de junho, envolvendo desde casos de viol\u00eancia dom\u00e9stica, perturba\u00e7\u00e3o do sossego, danos materiais e suspeitas de furtos at\u00e9 situa\u00e7\u00f5es que exigiram apenas averigua\u00e7\u00e3o. Os registros refor\u00e7am a import\u00e2ncia do trabalho preventivo e ostensivo das for\u00e7as de seguran\u00e7a no munic\u00edpio.<\/p>\n\n\n\n<p><\/p>\n\n\n\n<h2 class=\"wp-block-heading\">Briga em festa termina em vias de fato no interior<\/h2>\n\n\n\n<p>Na tarde de quinta-feira, 19 de junho, por volta das 17h10, uma mulher procurou a Pol\u00edcia Militar ap\u00f3s ser agredida durante uma festa na localidade de Dorizon. Segundo o relato, a v\u00edtima estava acompanhada de seu namorado quando foi surpreendida por sua ex-cunhada, que passou a proferir xingamentos e desferir tapas e chutes. A situa\u00e7\u00e3o gerou tumulto e a interven\u00e7\u00e3o da equipe de seguran\u00e7a do evento foi necess\u00e1ria. A agressora evadiu-se do local. A v\u00edtima sofreu apenas arranh\u00f5es leves. A PM confeccionou o boletim de ocorr\u00eancia (BOU) e prestou orienta\u00e7\u00f5es \u00e0 v\u00edtima.<\/p>\n\n\n\n<figure class=\"wp-block-image size-full\"><img loading=\"lazy\" decoding=\"async\" width=\"598\" height=\"204\" src=\"https:\/\/radiostudiow.com.br\/site\/wp-content\/uploads\/2025\/06\/GIF-medio-2.gif\" alt=\"\" class=\"wp-image-39620\"\/><\/figure>\n\n\n\n<p><\/p>\n\n\n\n<h2 class=\"wp-block-heading\">Suspeita de vigil\u00e2ncia noturna mobiliza viatura<\/h2>\n\n\n\n<p>J\u00e1 na madrugada da sexta-feira, 20 de junho, por volta das 3h, a equipe foi acionada novamente para a regi\u00e3o de Dorizon. O solicitante informou que uma motocicleta estaria rondando sua resid\u00eancia, localizada pr\u00f3xima \u00e0 ponte que liga ao caminho da Serra do Tigre. A PM realizou patrulhamento minucioso na \u00e1rea, mas nenhum suspeito foi localizado. O caso foi registrado como fato n\u00e3o constatado.<\/p>\n\n\n\n<h2 class=\"wp-block-heading\">Retirada de cabos telef\u00f4nicos causa desconfian\u00e7a de moradores<\/h2>\n\n\n\n<p>Tamb\u00e9m no dia 19, \u00e0s 15h15, a Pol\u00edcia Militar recebeu den\u00fancia de que dois homens estariam retirando cabos telef\u00f4nicos na Avenida Rio Clarense, em Dorizon, sem identifica\u00e7\u00e3o da empresa. No local, os policiais abordaram os indiv\u00edduos, que estavam em um Fiat\/Strada branco com o nome da empresa Icomon. Eles apresentaram documenta\u00e7\u00e3o e explicaram que prestavam servi\u00e7os \u00e0 empresa Vetal em nome da operadora Oi. Como n\u00e3o havia nenhuma irregularidade, ambos foram liberados.<\/p>\n\n\n\n<p><\/p>\n\n\n\n<figure class=\"wp-block-image size-full\"><img loading=\"lazy\" decoding=\"async\" width=\"598\" height=\"204\" src=\"https:\/\/radiostudiow.com.br\/site\/wp-content\/uploads\/2025\/05\/POLAK.png\" alt=\"\" class=\"wp-image-37847\" srcset=\"https:\/\/radiostudiow.com.br\/site\/wp-content\/uploads\/2025\/05\/POLAK.png 598w, https:\/\/radiostudiow.com.br\/site\/wp-content\/uploads\/2025\/05\/POLAK-300x102.png 300w\" sizes=\"auto, (max-width: 598px) 100vw, 598px\" \/><\/figure>\n\n\n\n<h2 class=\"wp-block-heading\">Festa junina causa perturba\u00e7\u00e3o do sossego na \u00e1rea central<\/h2>\n\n\n\n<p>No s\u00e1bado, 21 de junho, \u00e0s 20h45, uma nova solicita\u00e7\u00e3o foi registrada pela PM, dessa vez no centro de Mallet. Den\u00fancias apontavam som alto e gritaria em um clube. Ao chegar no local, os policiais encontraram um grupo celebrando uma festa junina entre amigos. O respons\u00e1vel foi orientado sobre o inc\u00f4modo e comprometeu-se a baixar o volume e orientar os presentes. A situa\u00e7\u00e3o foi contornada de forma pac\u00edfica.<\/p>\n\n\n\n<h2 class=\"wp-block-heading\">Amea\u00e7as e viol\u00eancia verbal em festa resultam em den\u00fancia de viol\u00eancia contra mulher<\/h2>\n\n\n\n<p>Na madrugada do domingo, 22 de junho, por volta da 1h20, uma mulher compareceu ao pelot\u00e3o da PM denunciando seu ex-namorado por amea\u00e7as e ofensas. Ela relatou que, durante uma festa junina da igreja, foi abordada pelo ex-companheiro, que proferiu amea\u00e7as como \u201cvoc\u00ea vai ver, as meninas que est\u00e3o comigo v\u00e3o te pegar\u201d e a xingou com palavras de baixo cal\u00e3o. Ap\u00f3s a abordagem, ele deixou o local. A v\u00edtima recebeu orienta\u00e7\u00e3o quanto \u00e0s provid\u00eancias junto \u00e0 Pol\u00edcia Judici\u00e1ria.<\/p>\n\n\n\n<figure class=\"wp-block-image size-full\"><img loading=\"lazy\" decoding=\"async\" width=\"598\" height=\"204\" src=\"https:\/\/radiostudiow.com.br\/site\/wp-content\/uploads\/2025\/04\/BOROX.png\" alt=\"\" class=\"wp-image-37229\" srcset=\"https:\/\/radiostudiow.com.br\/site\/wp-content\/uploads\/2025\/04\/BOROX.png 598w, https:\/\/radiostudiow.com.br\/site\/wp-content\/uploads\/2025\/04\/BOROX-300x102.png 300w\" sizes=\"auto, (max-width: 598px) 100vw, 598px\" \/><\/figure>\n\n\n\n<p><\/p>\n\n\n\n<h2 class=\"wp-block-heading\">Acidente sem feridos no centro de Mallet<\/h2>\n\n\n\n<p>Tamb\u00e9m no domingo, 22 de junho, \u00e0s 17h, a Pol\u00edcia Militar registrou um boletim de ocorr\u00eancia de dano material ap\u00f3s um acidente de tr\u00e2nsito no centro da cidade. Um motorista relatou que seu ve\u00edculo foi atingido por outro carro, causando pequenos danos no farol dianteiro direito e no para-choque. O ve\u00edculo envolvido era um Fiat Strada conduzido por uma mulher. N\u00e3o houve feridos e a ocorr\u00eancia foi registrada para fins de responsabilidade civil.<\/p>\n\n\n\n<blockquote class=\"wp-block-quote is-layout-flow wp-block-quote-is-layout-flow\">\n<p>Reda\u00e7\u00e3o: Studio W<\/p>\n\n\n\n<p>Fonte: 27\u00ba BPM\/3\u00ba Pelot\u00e3o<\/p>\n<\/blockquote>\n\n\n\n<p><\/p>\n","protected":false},"excerpt":{"rendered":"<p>Veja s\u00f3 as ocorr\u00eancias registradas pela Policia Militar de Mallet A Pol\u00edcia Militar de Mallet registrou uma s\u00e9rie de atendimentos entre os dias 19 e 22 de junho, envolvendo desde casos de viol\u00eancia dom\u00e9stica, perturba\u00e7\u00e3o do sossego, danos materiais e suspeitas de furtos at\u00e9 situa\u00e7\u00f5es que exigiram apenas averigua\u00e7\u00e3o. Os registros refor\u00e7am a import\u00e2ncia do [&hellip;]<\/p>\n","protected":false},"author":2,"featured_media":39041,"comment_status":"open","ping_status":"open","sticky":false,"template":"","format":"standard","meta":{"footnotes":""},"categories":[2],"tags":[172],"class_list":["post-39706","post","type-post","status-publish","format-standard","has-post-thumbnail","hentry","category-policial","tag-featured"],"amp_enabled":true,"_links":{"self":[{"href":"https:\/\/radiostudiow.com.br\/site\/wp-json\/wp\/v2\/posts\/39706","targetHints":{"allow":["GET"]}}],"collection":[{"href":"https:\/\/radiostudiow.com.br\/site\/wp-json\/wp\/v2\/posts"}],"about":[{"href":"https:\/\/radiostudiow.com.br\/site\/wp-json\/wp\/v2\/types\/post"}],"author":[{"embeddable":true,"href":"https:\/\/radiostudiow.com.br\/site\/wp-json\/wp\/v2\/users\/2"}],"replies":[{"embeddable":true,"href":"https:\/\/radiostudiow.com.br\/site\/wp-json\/wp\/v2\/comments?post=39706"}],"version-history":[{"count":1,"href":"https:\/\/radiostudiow.com.br\/site\/wp-json\/wp\/v2\/posts\/39706\/revisions"}],"predecessor-version":[{"id":39707,"href":"https:\/\/radiostudiow.com.br\/site\/wp-json\/wp\/v2\/posts\/39706\/revisions\/39707"}],"wp:featuredmedia":[{"embeddable":true,"href":"https:\/\/radiostudiow.com.br\/site\/wp-json\/wp\/v2\/media\/39041"}],"wp:attachment":[{"href":"https:\/\/radiostudiow.com.br\/site\/wp-json\/wp\/v2\/media?parent=39706"}],"wp:term":[{"taxonomy":"category","embeddable":true,"href":"https:\/\/radiostudiow.com.br\/site\/wp-json\/wp\/v2\/categories?post=39706"},{"taxonomy":"post_tag","embeddable":true,"href":"https:\/\/radiostudiow.com.br\/site\/wp-json\/wp\/v2\/tags?post=39706"}],"curies":[{"name":"wp","href":"https:\/\/api.w.org\/{rel}","templated":true}]}}