{"id":39708,"date":"2025-06-24T15:43:37","date_gmt":"2025-06-24T18:43:37","guid":{"rendered":"https:\/\/radiostudiow.com.br\/site\/?p=39708"},"modified":"2025-06-24T15:43:38","modified_gmt":"2025-06-24T18:43:38","slug":"acidente-no-centro-de-uniao-da-vitoria-termina-em-tragedia-vitima-nao-resiste-apos-colisao-com-onibus","status":"publish","type":"post","link":"https:\/\/radiostudiow.com.br\/site\/2025\/06\/24\/acidente-no-centro-de-uniao-da-vitoria-termina-em-tragedia-vitima-nao-resiste-apos-colisao-com-onibus\/","title":{"rendered":"Acidente no Centro de Uni\u00e3o da Vit\u00f3ria termina em trag\u00e9dia: v\u00edtima n\u00e3o resiste ap\u00f3s colis\u00e3o com \u00f4nibus"},"content":{"rendered":"\n<p><\/p>\n\n\n\n<figure class=\"wp-block-image size-full\"><img loading=\"lazy\" decoding=\"async\" width=\"897\" height=\"204\" src=\"https:\/\/radiostudiow.com.br\/site\/wp-content\/uploads\/2025\/03\/image-62.png\" alt=\"\" class=\"wp-image-35859\" srcset=\"https:\/\/radiostudiow.com.br\/site\/wp-content\/uploads\/2025\/03\/image-62.png 897w, https:\/\/radiostudiow.com.br\/site\/wp-content\/uploads\/2025\/03\/image-62-300x68.png 300w, https:\/\/radiostudiow.com.br\/site\/wp-content\/uploads\/2025\/03\/image-62-768x175.png 768w\" sizes=\"auto, (max-width: 897px) 100vw, 897px\" \/><\/figure>\n\n\n\n<p><\/p>\n\n\n\n<p>Um acidente de tr\u00e2nsito registrado por volta das 8h da manh\u00e3 desta ter\u00e7a-feira (24) na \u00e1rea central de Uni\u00e3o da Vit\u00f3ria terminou de forma tr\u00e1gica. O Corpo de Bombeiros foi acionado para atender a ocorr\u00eancia na Rua Professor Cleto, onde um autom\u00f3vel GM \u00d4nix, com placas de Porto Uni\u00e3o, colidiu na traseira de um \u00f4nibus modelo Vollare pertencente a uma autoescola, que estava regularmente estacionado.<\/p>\n\n\n\n<p>Segundo as primeiras informa\u00e7\u00f5es apuradas no local, a condutora do ve\u00edculo, identificada como <strong>Carolina Patruni<\/strong>, n\u00e3o apresentava ferimentos aparentes ap\u00f3s a colis\u00e3o. Testemunhas levantaram a hip\u00f3tese de que os fortes raios solares, comuns naquele hor\u00e1rio, podem ter prejudicado a visibilidade da motorista. No entanto, tamb\u00e9m foi cogitada a possibilidade de um mal s\u00fabito antes da batida.<\/p>\n\n\n\n<figure class=\"wp-block-image size-full\"><img loading=\"lazy\" decoding=\"async\" width=\"897\" height=\"204\" src=\"https:\/\/radiostudiow.com.br\/site\/wp-content\/uploads\/2025\/02\/SITE-GRANDE7.png\" alt=\"\" class=\"wp-image-33861\" srcset=\"https:\/\/radiostudiow.com.br\/site\/wp-content\/uploads\/2025\/02\/SITE-GRANDE7.png 897w, https:\/\/radiostudiow.com.br\/site\/wp-content\/uploads\/2025\/02\/SITE-GRANDE7-300x68.png 300w, https:\/\/radiostudiow.com.br\/site\/wp-content\/uploads\/2025\/02\/SITE-GRANDE7-768x175.png 768w\" sizes=\"auto, (max-width: 897px) 100vw, 897px\" \/><\/figure>\n\n\n\n<p><\/p>\n\n\n\n<p>Carolina foi inicialmente encaminhada pelos bombeiros \u00e0 Unidade de Pronto Atendimento (UPA), mas, diante da piora no seu quadro cl\u00ednico, precisou ser transferida ao Hospital APMI, onde infelizmente n\u00e3o resistiu e veio a \u00f3bito.<\/p>\n\n\n\n<p>Carolina era uma pessoa bastante conhecida em Uni\u00e3o da Vit\u00f3ria, especialmente nos meios educacional e administrativo da prefeitura. No interior de seu ve\u00edculo, havia um bolo, possivelmente em alus\u00e3o ao seu anivers\u00e1rio, celebrado no \u00faltimo dia 19, quando completou 45 anos.<\/p>\n\n\n\n<p>\u00c0 fam\u00edlia e aos amigos, ficam os sentimentos de pesar e solidariedade diante da perda.<\/p>\n\n\n\n<h2 class=\"wp-block-heading\">Fonte e foto: Rep\u00f3rter Tiago Amaral<\/h2>\n\n\n\n<p><\/p>\n\n\n\n<figure class=\"wp-block-image size-full\"><img loading=\"lazy\" decoding=\"async\" width=\"897\" height=\"204\" src=\"https:\/\/radiostudiow.com.br\/site\/wp-content\/uploads\/2025\/03\/SITE-GRANDE5.png\" alt=\"\" class=\"wp-image-35420\" srcset=\"https:\/\/radiostudiow.com.br\/site\/wp-content\/uploads\/2025\/03\/SITE-GRANDE5.png 897w, https:\/\/radiostudiow.com.br\/site\/wp-content\/uploads\/2025\/03\/SITE-GRANDE5-300x68.png 300w, https:\/\/radiostudiow.com.br\/site\/wp-content\/uploads\/2025\/03\/SITE-GRANDE5-768x175.png 768w\" sizes=\"auto, (max-width: 897px) 100vw, 897px\" \/><\/figure>\n","protected":false},"excerpt":{"rendered":"<p>Um acidente de tr\u00e2nsito registrado por volta das 8h da manh\u00e3 desta ter\u00e7a-feira (24) na \u00e1rea central de Uni\u00e3o da Vit\u00f3ria terminou de forma tr\u00e1gica. O Corpo de Bombeiros foi acionado para atender a ocorr\u00eancia na Rua Professor Cleto, onde um autom\u00f3vel GM \u00d4nix, com placas de Porto Uni\u00e3o, colidiu na traseira de um \u00f4nibus [&hellip;]<\/p>\n","protected":false},"author":2,"featured_media":39709,"comment_status":"open","ping_status":"open","sticky":false,"template":"","format":"standard","meta":{"footnotes":""},"categories":[7],"tags":[],"class_list":["post-39708","post","type-post","status-publish","format-standard","has-post-thumbnail","hentry","category-geral"],"amp_enabled":true,"_links":{"self":[{"href":"https:\/\/radiostudiow.com.br\/site\/wp-json\/wp\/v2\/posts\/39708","targetHints":{"allow":["GET"]}}],"collection":[{"href":"https:\/\/radiostudiow.com.br\/site\/wp-json\/wp\/v2\/posts"}],"about":[{"href":"https:\/\/radiostudiow.com.br\/site\/wp-json\/wp\/v2\/types\/post"}],"author":[{"embeddable":true,"href":"https:\/\/radiostudiow.com.br\/site\/wp-json\/wp\/v2\/users\/2"}],"replies":[{"embeddable":true,"href":"https:\/\/radiostudiow.com.br\/site\/wp-json\/wp\/v2\/comments?post=39708"}],"version-history":[{"count":1,"href":"https:\/\/radiostudiow.com.br\/site\/wp-json\/wp\/v2\/posts\/39708\/revisions"}],"predecessor-version":[{"id":39710,"href":"https:\/\/radiostudiow.com.br\/site\/wp-json\/wp\/v2\/posts\/39708\/revisions\/39710"}],"wp:featuredmedia":[{"embeddable":true,"href":"https:\/\/radiostudiow.com.br\/site\/wp-json\/wp\/v2\/media\/39709"}],"wp:attachment":[{"href":"https:\/\/radiostudiow.com.br\/site\/wp-json\/wp\/v2\/media?parent=39708"}],"wp:term":[{"taxonomy":"category","embeddable":true,"href":"https:\/\/radiostudiow.com.br\/site\/wp-json\/wp\/v2\/categories?post=39708"},{"taxonomy":"post_tag","embeddable":true,"href":"https:\/\/radiostudiow.com.br\/site\/wp-json\/wp\/v2\/tags?post=39708"}],"curies":[{"name":"wp","href":"https:\/\/api.w.org\/{rel}","templated":true}]}}