{"id":39715,"date":"2025-06-24T17:08:51","date_gmt":"2025-06-24T20:08:51","guid":{"rendered":"https:\/\/radiostudiow.com.br\/site\/?p=39715"},"modified":"2025-06-24T17:08:52","modified_gmt":"2025-06-24T20:08:52","slug":"policia-militar-recupera-objetos-furtados-e-encaminha-suspeito-a-delegacia-em-rio-azul","status":"publish","type":"post","link":"https:\/\/radiostudiow.com.br\/site\/2025\/06\/24\/policia-militar-recupera-objetos-furtados-e-encaminha-suspeito-a-delegacia-em-rio-azul\/","title":{"rendered":"Pol\u00edcia Militar recupera objetos furtados e encaminha suspeito \u00e0 delegacia em Rio Azul"},"content":{"rendered":"\n<figure class=\"wp-block-image size-full\"><img loading=\"lazy\" decoding=\"async\" width=\"598\" height=\"204\" src=\"https:\/\/radiostudiow.com.br\/site\/wp-content\/uploads\/2025\/06\/GIF-medio-2.gif\" alt=\"\" class=\"wp-image-39620\"\/><\/figure>\n\n\n\n<p>Na noite desta segunda-feira (23), por volta das 18h20, a equipe da Pol\u00edcia Militar da 8\u00aa Companhia foi acionada para atender a uma ocorr\u00eancia de <strong>furto simples<\/strong> em um estabelecimento comercial localizado na \u00e1rea central de <strong>Rio Azul<\/strong>.<\/p>\n\n\n\n<p>Segundo informa\u00e7\u00f5es repassadas pela v\u00edtima, o autor do crime teria subtra\u00eddo objetos do local e se evadido. De posse das caracter\u00edsticas do suspeito e das informa\u00e7\u00f5es fornecidas, a equipe policial realizou dilig\u00eancias na regi\u00e3o e <strong>localizou o indiv\u00edduo ainda em posse dos materiais furtados<\/strong>.<\/p>\n\n\n\n<p>Diante dos fatos, o suspeito foi <strong>detido e encaminhado \u00e0 Delegacia da Pol\u00edcia Civil de Irati<\/strong>, onde foram adotados os procedimentos legais cab\u00edveis ao caso.<\/p>\n\n\n\n<figure class=\"wp-block-image size-full\"><img loading=\"lazy\" decoding=\"async\" width=\"897\" height=\"204\" src=\"https:\/\/radiostudiow.com.br\/site\/wp-content\/uploads\/2025\/03\/SITE-GRANDE5.png\" alt=\"\" class=\"wp-image-35420\" srcset=\"https:\/\/radiostudiow.com.br\/site\/wp-content\/uploads\/2025\/03\/SITE-GRANDE5.png 897w, https:\/\/radiostudiow.com.br\/site\/wp-content\/uploads\/2025\/03\/SITE-GRANDE5-300x68.png 300w, https:\/\/radiostudiow.com.br\/site\/wp-content\/uploads\/2025\/03\/SITE-GRANDE5-768x175.png 768w\" sizes=\"auto, (max-width: 897px) 100vw, 897px\" \/><\/figure>\n\n\n\n<p>A r\u00e1pida a\u00e7\u00e3o da Pol\u00edcia Militar garantiu a recupera\u00e7\u00e3o dos bens e refor\u00e7a o trabalho de seguran\u00e7a no munic\u00edpio.<\/p>\n\n\n\n<h2 class=\"wp-block-heading\">Fonte: 8\u00aa CIA &#8211; Rep\u00f3rter Kiko de Oliveira<\/h2>\n\n\n\n<p><\/p>\n","protected":false},"excerpt":{"rendered":"<p>Na noite desta segunda-feira (23), por volta das 18h20, a equipe da Pol\u00edcia Militar da 8\u00aa Companhia foi acionada para atender a uma ocorr\u00eancia de furto simples em um estabelecimento comercial localizado na \u00e1rea central de Rio Azul. Segundo informa\u00e7\u00f5es repassadas pela v\u00edtima, o autor do crime teria subtra\u00eddo objetos do local e se evadido. [&hellip;]<\/p>\n","protected":false},"author":2,"featured_media":39716,"comment_status":"open","ping_status":"open","sticky":false,"template":"","format":"standard","meta":{"footnotes":""},"categories":[2],"tags":[172],"class_list":["post-39715","post","type-post","status-publish","format-standard","has-post-thumbnail","hentry","category-policial","tag-featured"],"amp_enabled":true,"_links":{"self":[{"href":"https:\/\/radiostudiow.com.br\/site\/wp-json\/wp\/v2\/posts\/39715","targetHints":{"allow":["GET"]}}],"collection":[{"href":"https:\/\/radiostudiow.com.br\/site\/wp-json\/wp\/v2\/posts"}],"about":[{"href":"https:\/\/radiostudiow.com.br\/site\/wp-json\/wp\/v2\/types\/post"}],"author":[{"embeddable":true,"href":"https:\/\/radiostudiow.com.br\/site\/wp-json\/wp\/v2\/users\/2"}],"replies":[{"embeddable":true,"href":"https:\/\/radiostudiow.com.br\/site\/wp-json\/wp\/v2\/comments?post=39715"}],"version-history":[{"count":1,"href":"https:\/\/radiostudiow.com.br\/site\/wp-json\/wp\/v2\/posts\/39715\/revisions"}],"predecessor-version":[{"id":39717,"href":"https:\/\/radiostudiow.com.br\/site\/wp-json\/wp\/v2\/posts\/39715\/revisions\/39717"}],"wp:featuredmedia":[{"embeddable":true,"href":"https:\/\/radiostudiow.com.br\/site\/wp-json\/wp\/v2\/media\/39716"}],"wp:attachment":[{"href":"https:\/\/radiostudiow.com.br\/site\/wp-json\/wp\/v2\/media?parent=39715"}],"wp:term":[{"taxonomy":"category","embeddable":true,"href":"https:\/\/radiostudiow.com.br\/site\/wp-json\/wp\/v2\/categories?post=39715"},{"taxonomy":"post_tag","embeddable":true,"href":"https:\/\/radiostudiow.com.br\/site\/wp-json\/wp\/v2\/tags?post=39715"}],"curies":[{"name":"wp","href":"https:\/\/api.w.org\/{rel}","templated":true}]}}