{"id":39720,"date":"2025-06-26T00:49:27","date_gmt":"2025-06-26T03:49:27","guid":{"rendered":"https:\/\/radiostudiow.com.br\/site\/?p=39720"},"modified":"2025-06-26T08:37:57","modified_gmt":"2025-06-26T11:37:57","slug":"tragedia-em-mallet-homem-morre-apos-acidente-e-incidente-em-residencia-familiar","status":"publish","type":"post","link":"https:\/\/radiostudiow.com.br\/site\/2025\/06\/26\/tragedia-em-mallet-homem-morre-apos-acidente-e-incidente-em-residencia-familiar\/","title":{"rendered":"Trag\u00e9dia em Mallet: Homem morre ap\u00f3s acidente e incidente em resid\u00eancia familiar"},"content":{"rendered":"\n<p>Atualizado a not\u00edcia as 08h30min<\/p>\n\n\n\n<figure class=\"wp-block-image size-full\"><img loading=\"lazy\" decoding=\"async\" width=\"897\" height=\"204\" src=\"https:\/\/radiostudiow.com.br\/site\/wp-content\/uploads\/2025\/03\/image-62.png\" alt=\"\" class=\"wp-image-35859\" srcset=\"https:\/\/radiostudiow.com.br\/site\/wp-content\/uploads\/2025\/03\/image-62.png 897w, https:\/\/radiostudiow.com.br\/site\/wp-content\/uploads\/2025\/03\/image-62-300x68.png 300w, https:\/\/radiostudiow.com.br\/site\/wp-content\/uploads\/2025\/03\/image-62-768x175.png 768w\" sizes=\"auto, (max-width: 897px) 100vw, 897px\" \/><\/figure>\n\n\n\n<p><\/p>\n\n\n\n<p>No in\u00edcio da noite de quarta-feira, 25 de junho, um acidente de tr\u00e2nsito mobilizou equipes de emerg\u00eancia na estrada que liga a Vila Lopacinski \u00e0 Col\u00f4nia Ronda, no munic\u00edpio de Mallet. <\/p>\n\n\n\n<p>O acidente, ocorrido por volta das 18h40, envolveu um ve\u00edculo Volkswagen Santana e resultou inicialmente apenas em danos materiais.<\/p>\n\n\n\n<h2 class=\"wp-block-heading\">A reportagem da <em>Studio W<\/em> esteve no local e acompanhou ao vivo o trabalho dos Brigadistas Comunit\u00e1rios de Mallet, que atuaram na sinaliza\u00e7\u00e3o do local para evitar novos acidentes, uma vez que, ao chegarem, n\u00e3o encontraram o condutor do autom\u00f3vel. A Pol\u00edcia Militar foi acionada e tamb\u00e9m se deslocou at\u00e9 o trecho da ocorr\u00eancia.<\/h2>\n\n\n\n<p><\/p>\n\n\n\n<figure class=\"wp-block-image size-full\"><img loading=\"lazy\" decoding=\"async\" width=\"897\" height=\"204\" src=\"https:\/\/radiostudiow.com.br\/site\/wp-content\/uploads\/2025\/03\/SITE-GRANDE5.png\" alt=\"\" class=\"wp-image-35420\" srcset=\"https:\/\/radiostudiow.com.br\/site\/wp-content\/uploads\/2025\/03\/SITE-GRANDE5.png 897w, https:\/\/radiostudiow.com.br\/site\/wp-content\/uploads\/2025\/03\/SITE-GRANDE5-300x68.png 300w, https:\/\/radiostudiow.com.br\/site\/wp-content\/uploads\/2025\/03\/SITE-GRANDE5-768x175.png 768w\" sizes=\"auto, (max-width: 897px) 100vw, 897px\" \/><\/figure>\n\n\n\n<p><\/p>\n\n\n\n<h2 class=\"wp-block-heading\">Minutos depois, as equipes de resgate receberam a informa\u00e7\u00e3o de que o motorista envolvido no acidente estava nas proximidades, com um ferimento grave no bra\u00e7o direito. <\/h2>\n\n\n\n<p><\/p>\n\n\n\n<h2 class=\"wp-block-heading\">Ao ser localizado, o homem estava muito agitado, recusando atendimento e apresentando comportamento agressivo diante das tentativas de socorro. Mesmo com a resist\u00eancia, os brigadistas e os Policiais Militares, com o apoio da ambul\u00e2ncia da Secretaria Municipal de Sa\u00fade, conseguiram cont\u00ea-lo e encaminh\u00e1-lo ao Hospital S\u00e3o Pedro para atendimento m\u00e9dico.<\/h2>\n\n\n\n<p><\/p>\n\n\n\n<p>Durante o atendimento, no entanto, foi constatado que o ferimento n\u00e3o havia sido causado pelo acidente, j\u00e1 que n\u00e3o havia sangue no interior do ve\u00edculo. <\/p>\n\n\n\n<figure class=\"wp-block-image size-full\"><img loading=\"lazy\" decoding=\"async\" width=\"897\" height=\"204\" src=\"https:\/\/radiostudiow.com.br\/site\/wp-content\/uploads\/2025\/03\/BARAO-NOVO-NOTICIAS-1.jpg\" alt=\"\" class=\"wp-image-35084\" srcset=\"https:\/\/radiostudiow.com.br\/site\/wp-content\/uploads\/2025\/03\/BARAO-NOVO-NOTICIAS-1.jpg 897w, https:\/\/radiostudiow.com.br\/site\/wp-content\/uploads\/2025\/03\/BARAO-NOVO-NOTICIAS-1-300x68.jpg 300w, https:\/\/radiostudiow.com.br\/site\/wp-content\/uploads\/2025\/03\/BARAO-NOVO-NOTICIAS-1-768x175.jpg 768w\" sizes=\"auto, (max-width: 897px) 100vw, 897px\" \/><\/figure>\n\n\n\n<figure class=\"wp-block-image size-large\"><img loading=\"lazy\" decoding=\"async\" width=\"1024\" height=\"576\" src=\"https:\/\/radiostudiow.com.br\/site\/wp-content\/uploads\/2025\/06\/b726dae2-143e-4c25-962e-6a41c7d69111-1024x576.jpg\" alt=\"\" class=\"wp-image-39721\" srcset=\"https:\/\/radiostudiow.com.br\/site\/wp-content\/uploads\/2025\/06\/b726dae2-143e-4c25-962e-6a41c7d69111-1024x576.jpg 1024w, https:\/\/radiostudiow.com.br\/site\/wp-content\/uploads\/2025\/06\/b726dae2-143e-4c25-962e-6a41c7d69111-300x169.jpg 300w, https:\/\/radiostudiow.com.br\/site\/wp-content\/uploads\/2025\/06\/b726dae2-143e-4c25-962e-6a41c7d69111-768x432.jpg 768w, https:\/\/radiostudiow.com.br\/site\/wp-content\/uploads\/2025\/06\/b726dae2-143e-4c25-962e-6a41c7d69111.jpg 1280w\" sizes=\"auto, (max-width: 1024px) 100vw, 1024px\" \/><\/figure>\n\n\n\n<p><strong>Informa\u00e7\u00f5es repassadas posteriormente pelos familiares indicaram que, ap\u00f3s o acidente, o homem teria ido at\u00e9 a resid\u00eancia de sua m\u00e3e, onde, em um momento de descontrole emocional, desferiu um soco em uma janela de vidro, causando um profundo corte no bra\u00e7o.<\/strong><\/p>\n\n\n\n<h2 class=\"wp-block-heading\">Infelizmente, devido \u00e0 grande perda de sangue, o homem \u2014 identificado como <strong>Adilson de Oliveira<\/strong>, de 40 anos, conhecido como \u201c<strong>N\u00eddio<\/strong>\u201d \u2014 n\u00e3o resistiu e entrou em \u00f3bito ainda na noite de quarta-feira. <\/h2>\n\n\n\n<p><\/p>\n\n\n\n<p>Ele era funcion\u00e1rio da Prefeitura Municipal de Mallet e bastante conhecido na comunidade.<\/p>\n\n\n\n<figure class=\"wp-block-image size-full\"><img loading=\"lazy\" decoding=\"async\" width=\"897\" height=\"204\" src=\"https:\/\/radiostudiow.com.br\/site\/wp-content\/uploads\/2025\/02\/SITE-GRANDE7.png\" alt=\"\" class=\"wp-image-33861\" srcset=\"https:\/\/radiostudiow.com.br\/site\/wp-content\/uploads\/2025\/02\/SITE-GRANDE7.png 897w, https:\/\/radiostudiow.com.br\/site\/wp-content\/uploads\/2025\/02\/SITE-GRANDE7-300x68.png 300w, https:\/\/radiostudiow.com.br\/site\/wp-content\/uploads\/2025\/02\/SITE-GRANDE7-768x175.png 768w\" sizes=\"auto, (max-width: 897px) 100vw, 897px\" \/><\/figure>\n\n\n\n<p><\/p>\n\n\n\n<p>O <strong>Plano Assistencial Pax Center<\/strong> foi respons\u00e1vel pelos procedimentos f\u00fanebres. O vel\u00f3rio ser\u00e1 realizado na <strong>Capela Mortu\u00e1ria Municipal de Mallet<\/strong>, onde amigos e familiares prestar\u00e3o as \u00faltimas homenagens.<\/p>\n\n\n\n<p>A comunidade local lamenta profundamente a perda e se solidariza com os familiares neste momento de dor.<\/p>\n\n\n\n<blockquote class=\"wp-block-quote is-layout-flow wp-block-quote-is-layout-flow\">\n<p>INFORMA\u00c7\u00d5ES: REDA\u00c7\u00c3O DO W NOT\u00cdCIAS<\/p>\n<\/blockquote>\n\n\n\n<p><\/p>\n\n\n\n<figure class=\"wp-block-image size-large\"><img loading=\"lazy\" decoding=\"async\" width=\"1024\" height=\"1024\" src=\"https:\/\/radiostudiow.com.br\/site\/wp-content\/uploads\/2025\/06\/5a02ef71-dc36-4a58-b1d2-9dfb37dd7038-1024x1024.jpg\" alt=\"\" class=\"wp-image-39722\" srcset=\"https:\/\/radiostudiow.com.br\/site\/wp-content\/uploads\/2025\/06\/5a02ef71-dc36-4a58-b1d2-9dfb37dd7038-1024x1024.jpg 1024w, https:\/\/radiostudiow.com.br\/site\/wp-content\/uploads\/2025\/06\/5a02ef71-dc36-4a58-b1d2-9dfb37dd7038-300x300.jpg 300w, https:\/\/radiostudiow.com.br\/site\/wp-content\/uploads\/2025\/06\/5a02ef71-dc36-4a58-b1d2-9dfb37dd7038-768x768.jpg 768w, https:\/\/radiostudiow.com.br\/site\/wp-content\/uploads\/2025\/06\/5a02ef71-dc36-4a58-b1d2-9dfb37dd7038-80x80.jpg 80w, https:\/\/radiostudiow.com.br\/site\/wp-content\/uploads\/2025\/06\/5a02ef71-dc36-4a58-b1d2-9dfb37dd7038.jpg 1080w\" sizes=\"auto, (max-width: 1024px) 100vw, 1024px\" \/><\/figure>\n","protected":false},"excerpt":{"rendered":"<p>Atualizado a not\u00edcia as 08h30min No in\u00edcio da noite de quarta-feira, 25 de junho, um acidente de tr\u00e2nsito mobilizou equipes de emerg\u00eancia na estrada que liga a Vila Lopacinski \u00e0 Col\u00f4nia Ronda, no munic\u00edpio de Mallet. O acidente, ocorrido por volta das 18h40, envolveu um ve\u00edculo Volkswagen Santana e resultou inicialmente apenas em danos materiais. [&hellip;]<\/p>\n","protected":false},"author":2,"featured_media":39723,"comment_status":"open","ping_status":"open","sticky":false,"template":"","format":"standard","meta":{"footnotes":""},"categories":[184],"tags":[172],"class_list":["post-39720","post","type-post","status-publish","format-standard","has-post-thumbnail","hentry","category-local","tag-featured"],"amp_enabled":true,"_links":{"self":[{"href":"https:\/\/radiostudiow.com.br\/site\/wp-json\/wp\/v2\/posts\/39720","targetHints":{"allow":["GET"]}}],"collection":[{"href":"https:\/\/radiostudiow.com.br\/site\/wp-json\/wp\/v2\/posts"}],"about":[{"href":"https:\/\/radiostudiow.com.br\/site\/wp-json\/wp\/v2\/types\/post"}],"author":[{"embeddable":true,"href":"https:\/\/radiostudiow.com.br\/site\/wp-json\/wp\/v2\/users\/2"}],"replies":[{"embeddable":true,"href":"https:\/\/radiostudiow.com.br\/site\/wp-json\/wp\/v2\/comments?post=39720"}],"version-history":[{"count":2,"href":"https:\/\/radiostudiow.com.br\/site\/wp-json\/wp\/v2\/posts\/39720\/revisions"}],"predecessor-version":[{"id":39730,"href":"https:\/\/radiostudiow.com.br\/site\/wp-json\/wp\/v2\/posts\/39720\/revisions\/39730"}],"wp:featuredmedia":[{"embeddable":true,"href":"https:\/\/radiostudiow.com.br\/site\/wp-json\/wp\/v2\/media\/39723"}],"wp:attachment":[{"href":"https:\/\/radiostudiow.com.br\/site\/wp-json\/wp\/v2\/media?parent=39720"}],"wp:term":[{"taxonomy":"category","embeddable":true,"href":"https:\/\/radiostudiow.com.br\/site\/wp-json\/wp\/v2\/categories?post=39720"},{"taxonomy":"post_tag","embeddable":true,"href":"https:\/\/radiostudiow.com.br\/site\/wp-json\/wp\/v2\/tags?post=39720"}],"curies":[{"name":"wp","href":"https:\/\/api.w.org\/{rel}","templated":true}]}}