{"id":39733,"date":"2025-06-26T18:28:25","date_gmt":"2025-06-26T21:28:25","guid":{"rendered":"https:\/\/radiostudiow.com.br\/site\/?p=39733"},"modified":"2025-06-26T19:49:48","modified_gmt":"2025-06-26T22:49:48","slug":"apos-mais-de-um-mes-corpo-de-mulher-desaparecida-e-identificado-como-uma-das-vitimas-de-grave-acidente-na-br-373-em-imbituva","status":"publish","type":"post","link":"https:\/\/radiostudiow.com.br\/site\/2025\/06\/26\/apos-mais-de-um-mes-corpo-de-mulher-desaparecida-e-identificado-como-uma-das-vitimas-de-grave-acidente-na-br-373-em-imbituva\/","title":{"rendered":"Ap\u00f3s mais de um m\u00eas, corpo de mulher desaparecida da cidade de Mallet \u00e9 identificado como uma das v\u00edtimas de grave acidente na BR-373, em Imbituva"},"content":{"rendered":"\n<p><\/p>\n\n\n\n<figure class=\"wp-block-image size-full\"><img loading=\"lazy\" decoding=\"async\" width=\"897\" height=\"204\" src=\"https:\/\/radiostudiow.com.br\/site\/wp-content\/uploads\/2025\/06\/BARROS.png\" alt=\"\" class=\"wp-image-39575\" srcset=\"https:\/\/radiostudiow.com.br\/site\/wp-content\/uploads\/2025\/06\/BARROS.png 897w, https:\/\/radiostudiow.com.br\/site\/wp-content\/uploads\/2025\/06\/BARROS-300x68.png 300w, https:\/\/radiostudiow.com.br\/site\/wp-content\/uploads\/2025\/06\/BARROS-768x175.png 768w\" sizes=\"auto, (max-width: 897px) 100vw, 897px\" \/><\/figure>\n\n\n\n<p><\/p>\n\n\n\n<p><strong>C\u00e2ndida Daniele Pinto da Luz, natural de Mallet, foi identificada por exame de DNA; fam\u00edlia havia registrado boletim de desaparecimento<\/strong><\/p>\n\n\n\n<p>Mais de um m\u00eas ap\u00f3s o tr\u00e1gico acidente registrado no dia <strong>20 de maio na BR-373, em Imbituva (PR)<\/strong>, a terceira v\u00edtima fatal da colis\u00e3o foi oficialmente identificada. <\/p>\n\n\n\n<p><\/p>\n\n\n\n<h2 class=\"wp-block-heading\">Trata-se de <strong>C\u00e2ndida Daniele Pinto da Luz<\/strong>, de 29 anos, natural de <strong>Mallet<\/strong>. A confirma\u00e7\u00e3o da identidade s\u00f3 foi poss\u00edvel ap\u00f3s a realiza\u00e7\u00e3o de exame de DNA, conforme informou a <strong>Pol\u00edcia Cient\u00edfica<\/strong>.<\/h2>\n\n\n\n<p><\/p>\n\n\n\n<p>O caso ganhou ainda mais destaque ap\u00f3s a revela\u00e7\u00e3o de que <strong>C\u00e2ndida estava desaparecida<\/strong> desde a data do acidente e que sua fam\u00edlia, preocupada com a falta de not\u00edcias, havia registrado um <strong>Boletim de Ocorr\u00eancia<\/strong> de desaparecimento junto \u00e0 <strong>10\u00aa Delegacia Regional da Pol\u00edcia Civil de Mallet<\/strong>.<\/p>\n\n\n\n<figure class=\"wp-block-image size-full\"><img loading=\"lazy\" decoding=\"async\" width=\"897\" height=\"204\" src=\"https:\/\/radiostudiow.com.br\/site\/wp-content\/uploads\/2025\/03\/image-62.png\" alt=\"\" class=\"wp-image-35859\" srcset=\"https:\/\/radiostudiow.com.br\/site\/wp-content\/uploads\/2025\/03\/image-62.png 897w, https:\/\/radiostudiow.com.br\/site\/wp-content\/uploads\/2025\/03\/image-62-300x68.png 300w, https:\/\/radiostudiow.com.br\/site\/wp-content\/uploads\/2025\/03\/image-62-768x175.png 768w\" sizes=\"auto, (max-width: 897px) 100vw, 897px\" \/><\/figure>\n\n\n\n<p><\/p>\n\n\n\n<p>De acordo com o delegado <strong>Dr. Donizete de Arruda Gordiano<\/strong>, a delegacia local n\u00e3o havia recebido at\u00e9 ent\u00e3o informa\u00e7\u00f5es oficiais da morte, mas, diante da confirma\u00e7\u00e3o feita pela Pol\u00edcia Cient\u00edfica, ele informou que entrar\u00e1 em contato com a <strong>PCPR de Imbituva<\/strong>, respons\u00e1vel pelas investiga\u00e7\u00f5es do acidente, para oficializar a baixa no boletim de desaparecimento.<\/p>\n\n\n\n<p>C\u00e2ndida Daniele completaria 30 anos no dia 27 de maio, sete dias ap\u00f3s o tr\u00e1gico acidente. O corpo foi sepultado no cemit\u00e9rio municipal de Mallet.<\/p>\n\n\n\n<figure class=\"wp-block-image size-full\"><img loading=\"lazy\" decoding=\"async\" width=\"525\" height=\"686\" src=\"https:\/\/radiostudiow.com.br\/site\/wp-content\/uploads\/2025\/06\/Captura-de-tela-2025-06-26-150002.jpg\" alt=\"\" class=\"wp-image-39734\" srcset=\"https:\/\/radiostudiow.com.br\/site\/wp-content\/uploads\/2025\/06\/Captura-de-tela-2025-06-26-150002.jpg 525w, https:\/\/radiostudiow.com.br\/site\/wp-content\/uploads\/2025\/06\/Captura-de-tela-2025-06-26-150002-230x300.jpg 230w\" sizes=\"auto, (max-width: 525px) 100vw, 525px\" \/><\/figure>\n\n\n\n<p>Foto: Redes Sociais<\/p>\n\n\n\n<figure class=\"wp-block-image size-full\"><img loading=\"lazy\" decoding=\"async\" width=\"897\" height=\"204\" src=\"https:\/\/radiostudiow.com.br\/site\/wp-content\/uploads\/2025\/02\/SITE-GRANDE7.png\" alt=\"\" class=\"wp-image-33861\" srcset=\"https:\/\/radiostudiow.com.br\/site\/wp-content\/uploads\/2025\/02\/SITE-GRANDE7.png 897w, https:\/\/radiostudiow.com.br\/site\/wp-content\/uploads\/2025\/02\/SITE-GRANDE7-300x68.png 300w, https:\/\/radiostudiow.com.br\/site\/wp-content\/uploads\/2025\/02\/SITE-GRANDE7-768x175.png 768w\" sizes=\"auto, (max-width: 897px) 100vw, 897px\" \/><\/figure>\n\n\n\n<p><\/p>\n\n\n\n<h3 class=\"wp-block-heading\">Relembre o caso<\/h3>\n\n\n\n<p>O acidente que tirou a vida de tr\u00eas pessoas e deixou uma gravemente ferida ocorreu no dia 20 de maio, na altura do km 222 da BR-373, nas proximidades do trevo de acesso a Imbituva. A colis\u00e3o envolveu dois caminh\u00f5es que <strong>prestavam servi\u00e7o para uma empresa da cidade de Mallet<\/strong>.<\/p>\n\n\n\n<p>Segundo a <strong>Pol\u00edcia Rodovi\u00e1ria Federal (PRF)<\/strong>, um dos caminh\u00f5es, carregado com papel higi\u00eanico, trafegava no sentido Ponta Grossa quando colidiu frontalmente com outro caminh\u00e3o que seguia no sentido contr\u00e1rio. Os dois ve\u00edculos pegaram fogo ap\u00f3s a batida.<\/p>\n\n\n\n<p>O caminh\u00e3o carregado levava dois ocupantes, ambos morreram no local. J\u00e1 no segundo ve\u00edculo, o condutor, de 26 anos, foi socorrido com vida e encaminhado ao Pronto Atendimento de Imbituva, enquanto o passageiro n\u00e3o resistiu aos ferimentos. Inicialmente, os nomes das v\u00edtimas n\u00e3o foram divulgados.<\/p>\n\n\n\n<figure class=\"wp-block-image size-full\"><img loading=\"lazy\" decoding=\"async\" width=\"738\" height=\"376\" src=\"https:\/\/radiostudiow.com.br\/site\/wp-content\/uploads\/2025\/06\/Captura-de-tela-2025-06-26-150306.png\" alt=\"\" class=\"wp-image-39735\" srcset=\"https:\/\/radiostudiow.com.br\/site\/wp-content\/uploads\/2025\/06\/Captura-de-tela-2025-06-26-150306.png 738w, https:\/\/radiostudiow.com.br\/site\/wp-content\/uploads\/2025\/06\/Captura-de-tela-2025-06-26-150306-300x153.png 300w\" sizes=\"auto, (max-width: 738px) 100vw, 738px\" \/><\/figure>\n\n\n\n<figure class=\"wp-block-image size-full\"><img loading=\"lazy\" decoding=\"async\" width=\"598\" height=\"204\" src=\"https:\/\/radiostudiow.com.br\/site\/wp-content\/uploads\/2025\/06\/GIF-medio-2.gif\" alt=\"\" class=\"wp-image-39620\"\/><\/figure>\n\n\n\n<p><\/p>\n\n\n\n<h2 class=\"wp-block-heading\">Com a identifica\u00e7\u00e3o de C\u00e2ndida Daniele, o caso ganha um desfecho para os familiares que aguardavam ansiosamente por respostas. A dor da perda, no entanto, permanece.<\/h2>\n\n\n\n<p><\/p>\n\n\n\n<blockquote class=\"wp-block-quote is-layout-flow wp-block-quote-is-layout-flow\">\n<p>Fonte: ARede\/Rep\u00f3rter Kiko de Oliveira<\/p>\n\n\n\n<p>Reda\u00e7\u00e3o: Studio W<\/p>\n<\/blockquote>\n\n\n\n<p><\/p>\n","protected":false},"excerpt":{"rendered":"<p>C\u00e2ndida Daniele Pinto da Luz, natural de Mallet, foi identificada por exame de DNA; fam\u00edlia havia registrado boletim de desaparecimento Mais de um m\u00eas ap\u00f3s o tr\u00e1gico acidente registrado no dia 20 de maio na BR-373, em Imbituva (PR), a terceira v\u00edtima fatal da colis\u00e3o foi oficialmente identificada. Trata-se de C\u00e2ndida Daniele Pinto da Luz, [&hellip;]<\/p>\n","protected":false},"author":2,"featured_media":39742,"comment_status":"open","ping_status":"open","sticky":false,"template":"","format":"standard","meta":{"footnotes":""},"categories":[184],"tags":[172],"class_list":["post-39733","post","type-post","status-publish","format-standard","has-post-thumbnail","hentry","category-local","tag-featured"],"amp_enabled":true,"_links":{"self":[{"href":"https:\/\/radiostudiow.com.br\/site\/wp-json\/wp\/v2\/posts\/39733","targetHints":{"allow":["GET"]}}],"collection":[{"href":"https:\/\/radiostudiow.com.br\/site\/wp-json\/wp\/v2\/posts"}],"about":[{"href":"https:\/\/radiostudiow.com.br\/site\/wp-json\/wp\/v2\/types\/post"}],"author":[{"embeddable":true,"href":"https:\/\/radiostudiow.com.br\/site\/wp-json\/wp\/v2\/users\/2"}],"replies":[{"embeddable":true,"href":"https:\/\/radiostudiow.com.br\/site\/wp-json\/wp\/v2\/comments?post=39733"}],"version-history":[{"count":3,"href":"https:\/\/radiostudiow.com.br\/site\/wp-json\/wp\/v2\/posts\/39733\/revisions"}],"predecessor-version":[{"id":39755,"href":"https:\/\/radiostudiow.com.br\/site\/wp-json\/wp\/v2\/posts\/39733\/revisions\/39755"}],"wp:featuredmedia":[{"embeddable":true,"href":"https:\/\/radiostudiow.com.br\/site\/wp-json\/wp\/v2\/media\/39742"}],"wp:attachment":[{"href":"https:\/\/radiostudiow.com.br\/site\/wp-json\/wp\/v2\/media?parent=39733"}],"wp:term":[{"taxonomy":"category","embeddable":true,"href":"https:\/\/radiostudiow.com.br\/site\/wp-json\/wp\/v2\/categories?post=39733"},{"taxonomy":"post_tag","embeddable":true,"href":"https:\/\/radiostudiow.com.br\/site\/wp-json\/wp\/v2\/tags?post=39733"}],"curies":[{"name":"wp","href":"https:\/\/api.w.org\/{rel}","templated":true}]}}