{"id":39736,"date":"2025-06-26T15:34:03","date_gmt":"2025-06-26T18:34:03","guid":{"rendered":"https:\/\/radiostudiow.com.br\/site\/?p=39736"},"modified":"2025-06-26T18:20:35","modified_gmt":"2025-06-26T21:20:35","slug":"policiais-militares-salvam-bebe-de-incendio-em-residencia","status":"publish","type":"post","link":"https:\/\/radiostudiow.com.br\/site\/2025\/06\/26\/policiais-militares-salvam-bebe-de-incendio-em-residencia\/","title":{"rendered":"POLICIAIS MILITARES SALVAM BEB\u00ca DE INC\u00caNDIO EM RESID\u00caNCIA EM CANOINHAS"},"content":{"rendered":"\n<p><\/p>\n\n\n\n<figure class=\"wp-block-image size-full\"><img loading=\"lazy\" decoding=\"async\" width=\"598\" height=\"204\" src=\"https:\/\/radiostudiow.com.br\/site\/wp-content\/uploads\/2025\/06\/SITE-MEDIO.png\" alt=\"\" class=\"wp-image-39667\" srcset=\"https:\/\/radiostudiow.com.br\/site\/wp-content\/uploads\/2025\/06\/SITE-MEDIO.png 598w, https:\/\/radiostudiow.com.br\/site\/wp-content\/uploads\/2025\/06\/SITE-MEDIO-300x102.png 300w\" sizes=\"auto, (max-width: 598px) 100vw, 598px\" \/><\/figure>\n\n\n\n<p><\/p>\n\n\n\n<p>Ocorr\u00eancia foi registrada na Rua Alvino Voigt. Crian\u00e7a de quatro meses foi retirada com vida do interior da casa que estava com inc\u00eandio.<\/p>\n\n\n\n<p>Uma crian\u00e7a de apenas quatro meses de idade foi resgatada com vida de um inc\u00eandio residencial na tarde de ter\u00e7a-feira (25), em uma casa localizada na Rua Alvino Voigt. A a\u00e7\u00e3o r\u00e1pida de uma guarni\u00e7\u00e3o policial militar de Canoinhas evitou uma trag\u00e9dia.<\/p>\n\n\n\n<p>A equipe policial militar relatou que passava pela rua quando avistaram chamas em uma resid\u00eancia. Ao se aproximarem, foram informados pela av\u00f3 da crian\u00e7a, de que ainda havia algu\u00e9m dentro da casa.<\/p>\n\n\n\n<p>Os policiais, ent\u00e3o, adentraram o im\u00f3vel tomado por fuma\u00e7a e localizaram uma beb\u00ea de 4 meses de idade em um dos quartos, visivelmente assustada e chorando. A crian\u00e7a foi retirada com vida e entregue \u00e0 av\u00f3. Ap\u00f3s o resgate, os policiais iniciaram o combate ao fogo utilizando mangueiras dom\u00e9sticas at\u00e9 a chegada da equipe do Corpo de Bombeiros.<\/p>\n\n\n\n<figure class=\"wp-block-image size-full\"><img loading=\"lazy\" decoding=\"async\" width=\"897\" height=\"204\" src=\"https:\/\/radiostudiow.com.br\/site\/wp-content\/uploads\/2025\/01\/SITE-GRANDE3.png\" alt=\"\" class=\"wp-image-32900\" srcset=\"https:\/\/radiostudiow.com.br\/site\/wp-content\/uploads\/2025\/01\/SITE-GRANDE3.png 897w, https:\/\/radiostudiow.com.br\/site\/wp-content\/uploads\/2025\/01\/SITE-GRANDE3-300x68.png 300w, https:\/\/radiostudiow.com.br\/site\/wp-content\/uploads\/2025\/01\/SITE-GRANDE3-768x175.png 768w\" sizes=\"auto, (max-width: 897px) 100vw, 897px\" \/><\/figure>\n\n\n\n<p><\/p>\n\n\n\n<p>Testemunhas confirmaram o ato heroico. Uma delas, que passava pela rua, afirmou ter presenciado os policiais retirando a crian\u00e7a da casa.<\/p>\n\n\n\n<p>Com a situa\u00e7\u00e3o controlada, a equipe policial foi encaminhada ao Pronto Atendimento Municipal ap\u00f3s apresentarem sinais de intoxica\u00e7\u00e3o respirat\u00f3ria devido \u00e0 inala\u00e7\u00e3o de fuma\u00e7a. A beb\u00ea tamb\u00e9m foi levada \u00e0 UPA para avalia\u00e7\u00e3o m\u00e9dica e passa bem.<\/p>\n\n\n\n<p>A Pol\u00edcia Militar registrou boletim de ocorr\u00eancia e orientou os envolvidos. As causas do inc\u00eandio ainda ser\u00e3o apuradas.<\/p>\n\n\n\n<figure class=\"wp-block-image size-large is-resized\"><img loading=\"lazy\" decoding=\"async\" width=\"1024\" height=\"577\" src=\"https:\/\/radiostudiow.com.br\/site\/wp-content\/uploads\/2025\/05\/Extreme-Celulares-1024x577.png\" alt=\"\" class=\"wp-image-37819\" style=\"width:460px;height:auto\" srcset=\"https:\/\/radiostudiow.com.br\/site\/wp-content\/uploads\/2025\/05\/Extreme-Celulares-1024x577.png 1024w, https:\/\/radiostudiow.com.br\/site\/wp-content\/uploads\/2025\/05\/Extreme-Celulares-300x169.png 300w, https:\/\/radiostudiow.com.br\/site\/wp-content\/uploads\/2025\/05\/Extreme-Celulares-768x433.png 768w, https:\/\/radiostudiow.com.br\/site\/wp-content\/uploads\/2025\/05\/Extreme-Celulares.png 1076w\" sizes=\"auto, (max-width: 1024px) 100vw, 1024px\" \/><\/figure>\n\n\n\n<p><\/p>\n\n\n\n<h2 class=\"wp-block-heading\">Fonte: Rep\u00f3rter Kiko de Oliveira<\/h2>\n","protected":false},"excerpt":{"rendered":"<p>Ocorr\u00eancia foi registrada na Rua Alvino Voigt. Crian\u00e7a de quatro meses foi retirada com vida do interior da casa que estava com inc\u00eandio. Uma crian\u00e7a de apenas quatro meses de idade foi resgatada com vida de um inc\u00eandio residencial na tarde de ter\u00e7a-feira (25), em uma casa localizada na Rua Alvino Voigt. A a\u00e7\u00e3o r\u00e1pida [&hellip;]<\/p>\n","protected":false},"author":2,"featured_media":39737,"comment_status":"open","ping_status":"open","sticky":false,"template":"","format":"standard","meta":{"footnotes":""},"categories":[185],"tags":[172],"class_list":["post-39736","post","type-post","status-publish","format-standard","has-post-thumbnail","hentry","category-regional","tag-featured"],"amp_enabled":true,"_links":{"self":[{"href":"https:\/\/radiostudiow.com.br\/site\/wp-json\/wp\/v2\/posts\/39736","targetHints":{"allow":["GET"]}}],"collection":[{"href":"https:\/\/radiostudiow.com.br\/site\/wp-json\/wp\/v2\/posts"}],"about":[{"href":"https:\/\/radiostudiow.com.br\/site\/wp-json\/wp\/v2\/types\/post"}],"author":[{"embeddable":true,"href":"https:\/\/radiostudiow.com.br\/site\/wp-json\/wp\/v2\/users\/2"}],"replies":[{"embeddable":true,"href":"https:\/\/radiostudiow.com.br\/site\/wp-json\/wp\/v2\/comments?post=39736"}],"version-history":[{"count":2,"href":"https:\/\/radiostudiow.com.br\/site\/wp-json\/wp\/v2\/posts\/39736\/revisions"}],"predecessor-version":[{"id":39740,"href":"https:\/\/radiostudiow.com.br\/site\/wp-json\/wp\/v2\/posts\/39736\/revisions\/39740"}],"wp:featuredmedia":[{"embeddable":true,"href":"https:\/\/radiostudiow.com.br\/site\/wp-json\/wp\/v2\/media\/39737"}],"wp:attachment":[{"href":"https:\/\/radiostudiow.com.br\/site\/wp-json\/wp\/v2\/media?parent=39736"}],"wp:term":[{"taxonomy":"category","embeddable":true,"href":"https:\/\/radiostudiow.com.br\/site\/wp-json\/wp\/v2\/categories?post=39736"},{"taxonomy":"post_tag","embeddable":true,"href":"https:\/\/radiostudiow.com.br\/site\/wp-json\/wp\/v2\/tags?post=39736"}],"curies":[{"name":"wp","href":"https:\/\/api.w.org\/{rel}","templated":true}]}}