{"id":39745,"date":"2025-06-26T18:40:40","date_gmt":"2025-06-26T21:40:40","guid":{"rendered":"https:\/\/radiostudiow.com.br\/site\/?p=39745"},"modified":"2025-06-26T18:56:04","modified_gmt":"2025-06-26T21:56:04","slug":"homem-fica-ferido-em-colisao-entre-caminhonete-e-onibus-na-br-373-em-imbituva","status":"publish","type":"post","link":"https:\/\/radiostudiow.com.br\/site\/2025\/06\/26\/homem-fica-ferido-em-colisao-entre-caminhonete-e-onibus-na-br-373-em-imbituva\/","title":{"rendered":"Homem fica ferido em colis\u00e3o entre caminhonete e \u00f4nibus na BR-373, em Imbituva"},"content":{"rendered":"\n<p><\/p>\n\n\n\n<figure class=\"wp-block-image size-full\"><img loading=\"lazy\" decoding=\"async\" width=\"598\" height=\"204\" src=\"https:\/\/radiostudiow.com.br\/site\/wp-content\/uploads\/2025\/01\/SITE-MEDIO7.png\" alt=\"\" class=\"wp-image-32801\" srcset=\"https:\/\/radiostudiow.com.br\/site\/wp-content\/uploads\/2025\/01\/SITE-MEDIO7.png 598w, https:\/\/radiostudiow.com.br\/site\/wp-content\/uploads\/2025\/01\/SITE-MEDIO7-300x102.png 300w\" sizes=\"auto, (max-width: 598px) 100vw, 598px\" \/><\/figure>\n\n\n\n<p><\/p>\n\n\n\n<p>Um acidente de tr\u00e2nsito foi registrado na tarde desta ter\u00e7a-feira (25), na <strong>BR-373<\/strong>, pr\u00f3ximo ao km 228, nas imedia\u00e7\u00f5es da entrada da <strong>Vila Rural Corte de Ouro<\/strong>, na localidade de <strong>Jararaca<\/strong>, zona rural de <strong>Imbituva<\/strong>. A colis\u00e3o traseira envolveu uma caminhonete com placas de Imbituva e um \u00f4nibus com placas de Prudent\u00f3polis.<\/p>\n\n\n\n<p>De acordo com informa\u00e7\u00f5es da <strong>Pol\u00edcia Rodovi\u00e1ria Federal (PRF)<\/strong>, o <strong>condutor da caminhonete sofreu ferimentos leves<\/strong> e foi encaminhado ao <strong>Pronto Atendimento Municipal de Imbituva<\/strong> para avalia\u00e7\u00e3o m\u00e9dica. Nenhum ocupante do \u00f4nibus se feriu.<\/p>\n\n\n\n<figure class=\"wp-block-image size-full\"><img loading=\"lazy\" decoding=\"async\" width=\"598\" height=\"204\" src=\"https:\/\/radiostudiow.com.br\/site\/wp-content\/uploads\/2025\/05\/BEAZY.jpg.png\" alt=\"\" class=\"wp-image-38197\" srcset=\"https:\/\/radiostudiow.com.br\/site\/wp-content\/uploads\/2025\/05\/BEAZY.jpg.png 598w, https:\/\/radiostudiow.com.br\/site\/wp-content\/uploads\/2025\/05\/BEAZY.jpg-300x102.png 300w\" sizes=\"auto, (max-width: 598px) 100vw, 598px\" \/><\/figure>\n\n\n\n<p><\/p>\n\n\n\n<p>As circunst\u00e2ncias exatas do acidente n\u00e3o foram detalhadas, mas a colis\u00e3o ocorreu na traseira do coletivo. Apesar do impacto, o tr\u00e2nsito na rodovia n\u00e3o precisou ser interditado por longos per\u00edodos, e o fluxo foi normalizado rapidamente.<\/p>\n\n\n\n<p>O caso foi atendido pela PRF, que orientou o tr\u00e1fego no local. As causas do acidente devem ser apuradas.<\/p>\n\n\n\n<p><em>Imagem: PRF \/ Colabora\u00e7\u00e3o: Rep\u00f3rter Kiko de Oliveira<\/em><\/p>\n","protected":false},"excerpt":{"rendered":"<p>Um acidente de tr\u00e2nsito foi registrado na tarde desta ter\u00e7a-feira (25), na BR-373, pr\u00f3ximo ao km 228, nas imedia\u00e7\u00f5es da entrada da Vila Rural Corte de Ouro, na localidade de Jararaca, zona rural de Imbituva. A colis\u00e3o traseira envolveu uma caminhonete com placas de Imbituva e um \u00f4nibus com placas de Prudent\u00f3polis. De acordo com [&hellip;]<\/p>\n","protected":false},"author":2,"featured_media":39746,"comment_status":"open","ping_status":"open","sticky":false,"template":"","format":"standard","meta":{"footnotes":""},"categories":[185],"tags":[172],"class_list":["post-39745","post","type-post","status-publish","format-standard","has-post-thumbnail","hentry","category-regional","tag-featured"],"amp_enabled":true,"_links":{"self":[{"href":"https:\/\/radiostudiow.com.br\/site\/wp-json\/wp\/v2\/posts\/39745","targetHints":{"allow":["GET"]}}],"collection":[{"href":"https:\/\/radiostudiow.com.br\/site\/wp-json\/wp\/v2\/posts"}],"about":[{"href":"https:\/\/radiostudiow.com.br\/site\/wp-json\/wp\/v2\/types\/post"}],"author":[{"embeddable":true,"href":"https:\/\/radiostudiow.com.br\/site\/wp-json\/wp\/v2\/users\/2"}],"replies":[{"embeddable":true,"href":"https:\/\/radiostudiow.com.br\/site\/wp-json\/wp\/v2\/comments?post=39745"}],"version-history":[{"count":2,"href":"https:\/\/radiostudiow.com.br\/site\/wp-json\/wp\/v2\/posts\/39745\/revisions"}],"predecessor-version":[{"id":39748,"href":"https:\/\/radiostudiow.com.br\/site\/wp-json\/wp\/v2\/posts\/39745\/revisions\/39748"}],"wp:featuredmedia":[{"embeddable":true,"href":"https:\/\/radiostudiow.com.br\/site\/wp-json\/wp\/v2\/media\/39746"}],"wp:attachment":[{"href":"https:\/\/radiostudiow.com.br\/site\/wp-json\/wp\/v2\/media?parent=39745"}],"wp:term":[{"taxonomy":"category","embeddable":true,"href":"https:\/\/radiostudiow.com.br\/site\/wp-json\/wp\/v2\/categories?post=39745"},{"taxonomy":"post_tag","embeddable":true,"href":"https:\/\/radiostudiow.com.br\/site\/wp-json\/wp\/v2\/tags?post=39745"}],"curies":[{"name":"wp","href":"https:\/\/api.w.org\/{rel}","templated":true}]}}