{"id":39749,"date":"2025-06-26T19:00:17","date_gmt":"2025-06-26T22:00:17","guid":{"rendered":"https:\/\/radiostudiow.com.br\/site\/?p=39749"},"modified":"2025-06-26T19:00:17","modified_gmt":"2025-06-26T22:00:17","slug":"mulher-fica-ferida-e-presa-as-ferragens-apos-colisao-entre-automovel-e-onibus-na-br-476-em-sao-mateus-do-sul","status":"publish","type":"post","link":"https:\/\/radiostudiow.com.br\/site\/2025\/06\/26\/mulher-fica-ferida-e-presa-as-ferragens-apos-colisao-entre-automovel-e-onibus-na-br-476-em-sao-mateus-do-sul\/","title":{"rendered":"Mulher fica ferida e presa \u00e0s ferragens ap\u00f3s colis\u00e3o entre autom\u00f3vel e \u00f4nibus na BR-476, em S\u00e3o Mateus do Sul"},"content":{"rendered":"\n<p><\/p>\n\n\n\n<figure class=\"wp-block-image size-full\"><img loading=\"lazy\" decoding=\"async\" width=\"598\" height=\"204\" src=\"https:\/\/radiostudiow.com.br\/site\/wp-content\/uploads\/2024\/10\/labirati.png\" alt=\"\" class=\"wp-image-28854\" srcset=\"https:\/\/radiostudiow.com.br\/site\/wp-content\/uploads\/2024\/10\/labirati.png 598w, https:\/\/radiostudiow.com.br\/site\/wp-content\/uploads\/2024\/10\/labirati-300x102.png 300w\" sizes=\"auto, (max-width: 598px) 100vw, 598px\" \/><\/figure>\n\n\n\n<p><\/p>\n\n\n\n<p>Na madrugada desta quarta-feira (26), por volta das 2h10, uma grave colis\u00e3o entre um autom\u00f3vel e um \u00f4nibus mobilizou equipes de resgate na <strong>BR-476<\/strong>, nas proximidades do n\u00famero 242, em <strong>S\u00e3o Mateus do Sul<\/strong>. <\/p>\n\n\n\n<p>A ocorr\u00eancia foi atendida pelo Corpo de Bombeiros, que foi acionado via 193, com informa\u00e7\u00f5es de que a condutora de um dos ve\u00edculos estava <strong>presa \u00e0s ferragens<\/strong>.<\/p>\n\n\n\n<p>No local, foi confirmada a colis\u00e3o fora da pista entre um <strong>autom\u00f3vel<\/strong> e um <strong>\u00f4nibus VW\/Comil Versatile, de cor branca<\/strong>, com placas n\u00e3o informadas. O <strong>motorista do \u00f4nibus<\/strong>, identificado como um homem de 31 anos, n\u00e3o sofreu ferimentos e os <strong>passageiros tamb\u00e9m estavam ilesos<\/strong>.<\/p>\n\n\n\n<p><\/p>\n\n\n\n<figure class=\"wp-block-image size-large\"><img loading=\"lazy\" decoding=\"async\" width=\"768\" height=\"1024\" src=\"https:\/\/radiostudiow.com.br\/site\/wp-content\/uploads\/2025\/06\/476-112b-4431-9c2c-64d844311bc1-768x1024.jpg\" alt=\"\" class=\"wp-image-39751\" srcset=\"https:\/\/radiostudiow.com.br\/site\/wp-content\/uploads\/2025\/06\/476-112b-4431-9c2c-64d844311bc1-768x1024.jpg 768w, https:\/\/radiostudiow.com.br\/site\/wp-content\/uploads\/2025\/06\/476-112b-4431-9c2c-64d844311bc1-225x300.jpg 225w, https:\/\/radiostudiow.com.br\/site\/wp-content\/uploads\/2025\/06\/476-112b-4431-9c2c-64d844311bc1.jpg 960w\" sizes=\"auto, (max-width: 768px) 100vw, 768px\" \/><\/figure>\n\n\n\n<p><\/p>\n\n\n\n<figure class=\"wp-block-image size-full\"><img loading=\"lazy\" decoding=\"async\" width=\"897\" height=\"204\" src=\"https:\/\/radiostudiow.com.br\/site\/wp-content\/uploads\/2024\/01\/SITE-GRANDE3.png\" alt=\"zaions\" class=\"wp-image-18936\" srcset=\"https:\/\/radiostudiow.com.br\/site\/wp-content\/uploads\/2024\/01\/SITE-GRANDE3.png 897w, https:\/\/radiostudiow.com.br\/site\/wp-content\/uploads\/2024\/01\/SITE-GRANDE3-300x68.png 300w, https:\/\/radiostudiow.com.br\/site\/wp-content\/uploads\/2024\/01\/SITE-GRANDE3-768x175.png 768w\" sizes=\"auto, (max-width: 897px) 100vw, 897px\" \/><\/figure>\n\n\n\n<p><\/p>\n\n\n\n<p>No interior do carro, os socorristas encontraram a <strong>condutora consciente<\/strong>, com <strong>queixas de dor nos membros inferiores e uma fratura exposta no bra\u00e7o esquerdo<\/strong>, al\u00e9m de estar presa \u00e0s ferragens. J\u00e1 a passageira do autom\u00f3vel havia conseguido sair sozinha e n\u00e3o apresentava ferimentos.<\/p>\n\n\n\n<p>Foram mobilizadas as viaturas do Corpo de Bombeiros, al\u00e9m do apoio do <strong>SAMU<\/strong> e da <strong>Pol\u00edcia Rodovi\u00e1ria Federal (PRF)<\/strong>. Durante o atendimento, os bombeiros realizaram a estabiliza\u00e7\u00e3o do ve\u00edculo e o corte das ferragens, utilizando holofotes para iluminar a cena, devido \u00e0 baixa luminosidade do local.<\/p>\n\n\n\n<p>A v\u00edtima foi cuidadosamente retirada ap\u00f3s o rebatimento do painel e a remo\u00e7\u00e3o do teto do ve\u00edculo. Ela recebeu os primeiros atendimentos no local e foi <strong>encaminhada ao hospital pela equipe da ambul\u00e2ncia<\/strong>.<\/p>\n\n\n\n<figure class=\"wp-block-image size-full\"><img loading=\"lazy\" decoding=\"async\" width=\"598\" height=\"204\" src=\"https:\/\/radiostudiow.com.br\/site\/wp-content\/uploads\/2025\/04\/BOROX.png\" alt=\"\" class=\"wp-image-37229\" srcset=\"https:\/\/radiostudiow.com.br\/site\/wp-content\/uploads\/2025\/04\/BOROX.png 598w, https:\/\/radiostudiow.com.br\/site\/wp-content\/uploads\/2025\/04\/BOROX-300x102.png 300w\" sizes=\"auto, (max-width: 598px) 100vw, 598px\" \/><\/figure>\n\n\n\n<p><\/p>\n\n\n\n<p>Ap\u00f3s a conclus\u00e3o dos procedimentos, as guarni\u00e7\u00f5es realizaram o levantamento de dados e retornaram ao quartel. As circunst\u00e2ncias exatas do acidente ser\u00e3o apuradas pelas autoridades competentes.<\/p>\n\n\n\n<h2 class=\"wp-block-heading\"><br> <em>Informa\u00e7\u00f5es: Corpo de Bombeiros \/ PRF<\/em> &#8211; Apoio da Informa\u00e7\u00e3o Rep\u00f3rter Kiko de Oliveira<\/h2>\n","protected":false},"excerpt":{"rendered":"<p>Na madrugada desta quarta-feira (26), por volta das 2h10, uma grave colis\u00e3o entre um autom\u00f3vel e um \u00f4nibus mobilizou equipes de resgate na BR-476, nas proximidades do n\u00famero 242, em S\u00e3o Mateus do Sul. A ocorr\u00eancia foi atendida pelo Corpo de Bombeiros, que foi acionado via 193, com informa\u00e7\u00f5es de que a condutora de um [&hellip;]<\/p>\n","protected":false},"author":2,"featured_media":39750,"comment_status":"open","ping_status":"open","sticky":false,"template":"","format":"standard","meta":{"footnotes":""},"categories":[185],"tags":[172],"class_list":["post-39749","post","type-post","status-publish","format-standard","has-post-thumbnail","hentry","category-regional","tag-featured"],"amp_enabled":true,"_links":{"self":[{"href":"https:\/\/radiostudiow.com.br\/site\/wp-json\/wp\/v2\/posts\/39749","targetHints":{"allow":["GET"]}}],"collection":[{"href":"https:\/\/radiostudiow.com.br\/site\/wp-json\/wp\/v2\/posts"}],"about":[{"href":"https:\/\/radiostudiow.com.br\/site\/wp-json\/wp\/v2\/types\/post"}],"author":[{"embeddable":true,"href":"https:\/\/radiostudiow.com.br\/site\/wp-json\/wp\/v2\/users\/2"}],"replies":[{"embeddable":true,"href":"https:\/\/radiostudiow.com.br\/site\/wp-json\/wp\/v2\/comments?post=39749"}],"version-history":[{"count":1,"href":"https:\/\/radiostudiow.com.br\/site\/wp-json\/wp\/v2\/posts\/39749\/revisions"}],"predecessor-version":[{"id":39752,"href":"https:\/\/radiostudiow.com.br\/site\/wp-json\/wp\/v2\/posts\/39749\/revisions\/39752"}],"wp:featuredmedia":[{"embeddable":true,"href":"https:\/\/radiostudiow.com.br\/site\/wp-json\/wp\/v2\/media\/39750"}],"wp:attachment":[{"href":"https:\/\/radiostudiow.com.br\/site\/wp-json\/wp\/v2\/media?parent=39749"}],"wp:term":[{"taxonomy":"category","embeddable":true,"href":"https:\/\/radiostudiow.com.br\/site\/wp-json\/wp\/v2\/categories?post=39749"},{"taxonomy":"post_tag","embeddable":true,"href":"https:\/\/radiostudiow.com.br\/site\/wp-json\/wp\/v2\/tags?post=39749"}],"curies":[{"name":"wp","href":"https:\/\/api.w.org\/{rel}","templated":true}]}}