{"id":39772,"date":"2025-06-28T10:32:51","date_gmt":"2025-06-28T13:32:51","guid":{"rendered":"https:\/\/radiostudiow.com.br\/site\/?p=39772"},"modified":"2025-06-28T10:34:41","modified_gmt":"2025-06-28T13:34:41","slug":"39772","status":"publish","type":"post","link":"https:\/\/radiostudiow.com.br\/site\/2025\/06\/28\/39772\/","title":{"rendered":"Homem de 72 anos \u00e9 preso por tr\u00e1fico de drogas de perfil elitizado e lavagem de capitais em Bituruna"},"content":{"rendered":"\n<figure class=\"wp-block-image size-full\"><img loading=\"lazy\" decoding=\"async\" width=\"598\" height=\"204\" src=\"https:\/\/radiostudiow.com.br\/site\/wp-content\/uploads\/2025\/05\/BEAZY.jpg.png\" alt=\"\" class=\"wp-image-38197\" srcset=\"https:\/\/radiostudiow.com.br\/site\/wp-content\/uploads\/2025\/05\/BEAZY.jpg.png 598w, https:\/\/radiostudiow.com.br\/site\/wp-content\/uploads\/2025\/05\/BEAZY.jpg-300x102.png 300w\" sizes=\"auto, (max-width: 598px) 100vw, 598px\" \/><\/figure>\n\n\n\n<p>Em a\u00e7\u00e3o conjunta, a equipe Extra Jornada e a equipe da Pol\u00edcia Militar de Bituruna realizaram fiscaliza\u00e7\u00e3o em um bar, alvo de den\u00fancias relacionadas a tr\u00e1fico de drogas de perfil elitizado e lavagem de capitais.<\/p>\n\n\n\n<p>O caso foi registrado por volta das 21h30min dessa quinta-feira, 26 de junho, na \u00e1rea central da cidade.<\/p>\n\n\n\n<p>Durante a abordagem e buscas no local, foram encontradas por\u00e7\u00f5es de coca\u00edna, uma balan\u00e7a de precis\u00e3o, m\u00e1quinas de cart\u00e3o, um cofre e a quantia de R$ 22.754,00 em esp\u00e9cie.<\/p>\n\n\n\n<p>O propriet\u00e1rio do estabelecimento, um homem de 72 anos, foi identificado como respons\u00e1vel pelas atividades il\u00edcitas.<\/p>\n\n\n\n<p>Diante dos fatos, ele foi conduzido \u00e0 Delegacia de Pol\u00edcia Civil para lavratura do auto de pris\u00e3o em flagrante.<\/p>\n\n\n\n<figure class=\"wp-block-image size-full\"><img loading=\"lazy\" decoding=\"async\" width=\"897\" height=\"204\" src=\"https:\/\/radiostudiow.com.br\/site\/wp-content\/uploads\/2025\/03\/SITE-GRANDE5.png\" alt=\"\" class=\"wp-image-35420\" srcset=\"https:\/\/radiostudiow.com.br\/site\/wp-content\/uploads\/2025\/03\/SITE-GRANDE5.png 897w, https:\/\/radiostudiow.com.br\/site\/wp-content\/uploads\/2025\/03\/SITE-GRANDE5-300x68.png 300w, https:\/\/radiostudiow.com.br\/site\/wp-content\/uploads\/2025\/03\/SITE-GRANDE5-768x175.png 768w\" sizes=\"auto, (max-width: 897px) 100vw, 897px\" \/><\/figure>\n\n\n\n<p>RESULTADOS DA OCORR\u00caNCIA:<\/p>\n\n\n\n<p>\u2022 01 homem preso (72 anos);<\/p>\n\n\n\n<p>\u2022 6,4 gramas de coca\u00edna apreendidas;<\/p>\n\n\n\n<p>\u2022 R$ 22.754,00 em dinheiro apreendidos;<\/p>\n\n\n\n<p>\u2022 01 cofre apreendido;<\/p>\n\n\n\n<p>\u2022 M\u00e1quinas de cart\u00e3o apreendidas;<\/p>\n\n\n\n<p>\u2022 01 balan\u00e7a de precis\u00e3o apreendida.<\/p>\n","protected":false},"excerpt":{"rendered":"<p>Em a\u00e7\u00e3o conjunta, a equipe Extra Jornada e a equipe da Pol\u00edcia Militar de Bituruna realizaram fiscaliza\u00e7\u00e3o em um bar, alvo de den\u00fancias relacionadas a tr\u00e1fico de drogas de perfil elitizado e lavagem de capitais. O caso foi registrado por volta das 21h30min dessa quinta-feira, 26 de junho, na \u00e1rea central da cidade. Durante a [&hellip;]<\/p>\n","protected":false},"author":2,"featured_media":39770,"comment_status":"open","ping_status":"open","sticky":false,"template":"","format":"standard","meta":{"footnotes":""},"categories":[2],"tags":[172],"class_list":["post-39772","post","type-post","status-publish","format-standard","has-post-thumbnail","hentry","category-policial","tag-featured"],"amp_enabled":true,"_links":{"self":[{"href":"https:\/\/radiostudiow.com.br\/site\/wp-json\/wp\/v2\/posts\/39772","targetHints":{"allow":["GET"]}}],"collection":[{"href":"https:\/\/radiostudiow.com.br\/site\/wp-json\/wp\/v2\/posts"}],"about":[{"href":"https:\/\/radiostudiow.com.br\/site\/wp-json\/wp\/v2\/types\/post"}],"author":[{"embeddable":true,"href":"https:\/\/radiostudiow.com.br\/site\/wp-json\/wp\/v2\/users\/2"}],"replies":[{"embeddable":true,"href":"https:\/\/radiostudiow.com.br\/site\/wp-json\/wp\/v2\/comments?post=39772"}],"version-history":[{"count":2,"href":"https:\/\/radiostudiow.com.br\/site\/wp-json\/wp\/v2\/posts\/39772\/revisions"}],"predecessor-version":[{"id":39776,"href":"https:\/\/radiostudiow.com.br\/site\/wp-json\/wp\/v2\/posts\/39772\/revisions\/39776"}],"wp:featuredmedia":[{"embeddable":true,"href":"https:\/\/radiostudiow.com.br\/site\/wp-json\/wp\/v2\/media\/39770"}],"wp:attachment":[{"href":"https:\/\/radiostudiow.com.br\/site\/wp-json\/wp\/v2\/media?parent=39772"}],"wp:term":[{"taxonomy":"category","embeddable":true,"href":"https:\/\/radiostudiow.com.br\/site\/wp-json\/wp\/v2\/categories?post=39772"},{"taxonomy":"post_tag","embeddable":true,"href":"https:\/\/radiostudiow.com.br\/site\/wp-json\/wp\/v2\/tags?post=39772"}],"curies":[{"name":"wp","href":"https:\/\/api.w.org\/{rel}","templated":true}]}}