{"id":39782,"date":"2025-06-28T11:36:34","date_gmt":"2025-06-28T14:36:34","guid":{"rendered":"https:\/\/radiostudiow.com.br\/site\/?p=39782"},"modified":"2025-06-28T11:36:35","modified_gmt":"2025-06-28T14:36:35","slug":"grave-colisao-entre-caminhao-e-automovel-mobiliza-equipes-de-resgate-na-pr-446","status":"publish","type":"post","link":"https:\/\/radiostudiow.com.br\/site\/2025\/06\/28\/grave-colisao-entre-caminhao-e-automovel-mobiliza-equipes-de-resgate-na-pr-446\/","title":{"rendered":"Grave colis\u00e3o entre caminh\u00e3o e autom\u00f3vel mobiliza equipes de resgate na PR-446"},"content":{"rendered":"\n<p><\/p>\n\n\n\n<figure class=\"wp-block-image size-full\"><img loading=\"lazy\" decoding=\"async\" width=\"598\" height=\"204\" src=\"https:\/\/radiostudiow.com.br\/site\/wp-content\/uploads\/2025\/06\/GIF-medio-2.gif\" alt=\"\" class=\"wp-image-39620\"\/><\/figure>\n\n\n\n<p>Um grave acidente de tr\u00e2nsito mobilizou o Corpo de Bombeiros no in\u00edcio da madrugada deste s\u00e1bado, 28 de junho de 2025, na rodovia PR-446, na regi\u00e3o da localidade de Pedra Branca, estrada que d\u00e1 acesso ao munic\u00edpio de Porto Vit\u00f3ria.<\/p>\n\n\n\n<p>A colis\u00e3o envolveu um caminh\u00e3o Mercedes-Benz Atego 1719 CL, de cor branca, e um autom\u00f3vel Ford Verona LX, vermelho. Com o impacto, duas pessoas ficaram feridas. Segundo informa\u00e7\u00f5es do Corpo de Bombeiros, as v\u00edtimas foram identificadas como:<\/p>\n\n\n\n<ul class=\"wp-block-list\">\n<li><strong>D. R. D. A.<\/strong>, de 30 anos \u2013 sofreu <strong>ferimentos leves<\/strong>;<\/li>\n\n\n\n<li><strong>R. D. O.<\/strong>, de 31 anos \u2013 sofreu <strong>ferimentos de moderada gravidade<\/strong>.<\/li>\n<\/ul>\n\n\n\n<p>Ambos foram atendidos no local pela equipe de resgate e encaminhados para avalia\u00e7\u00e3o m\u00e9dica em unidade hospitalar. Durante o atendimento, o tr\u00e1fego na rodovia ficou parcialmente interditado, sendo liberado ap\u00f3s a remo\u00e7\u00e3o dos ve\u00edculos envolvidos.<\/p>\n\n\n\n<p>As <strong>circunst\u00e2ncias do acidente ainda s\u00e3o desconhecidas<\/strong> e ser\u00e3o apuradas pelas autoridades competentes.<\/p>\n\n\n\n<figure class=\"wp-block-image size-full\"><img loading=\"lazy\" decoding=\"async\" width=\"897\" height=\"204\" src=\"https:\/\/radiostudiow.com.br\/site\/wp-content\/uploads\/2025\/06\/BARROS.png\" alt=\"\" class=\"wp-image-39575\" srcset=\"https:\/\/radiostudiow.com.br\/site\/wp-content\/uploads\/2025\/06\/BARROS.png 897w, https:\/\/radiostudiow.com.br\/site\/wp-content\/uploads\/2025\/06\/BARROS-300x68.png 300w, https:\/\/radiostudiow.com.br\/site\/wp-content\/uploads\/2025\/06\/BARROS-768x175.png 768w\" sizes=\"auto, (max-width: 897px) 100vw, 897px\" \/><\/figure>\n\n\n\n<p><\/p>\n\n\n\n<h2 class=\"wp-block-heading\">A reportagem \u00e9 baseada em informa\u00e7\u00f5es do Corpo de Bombeiros do Paran\u00e1 (CBMPR), com colabora\u00e7\u00e3o da P\u00e1gina de Not\u00edcias Assis o Rep\u00f3rter<\/h2>\n\n\n\n<p><\/p>\n","protected":false},"excerpt":{"rendered":"<p>Um grave acidente de tr\u00e2nsito mobilizou o Corpo de Bombeiros no in\u00edcio da madrugada deste s\u00e1bado, 28 de junho de 2025, na rodovia PR-446, na regi\u00e3o da localidade de Pedra Branca, estrada que d\u00e1 acesso ao munic\u00edpio de Porto Vit\u00f3ria. A colis\u00e3o envolveu um caminh\u00e3o Mercedes-Benz Atego 1719 CL, de cor branca, e um autom\u00f3vel [&hellip;]<\/p>\n","protected":false},"author":2,"featured_media":39784,"comment_status":"open","ping_status":"open","sticky":false,"template":"","format":"standard","meta":{"footnotes":""},"categories":[185],"tags":[172],"class_list":["post-39782","post","type-post","status-publish","format-standard","has-post-thumbnail","hentry","category-regional","tag-featured"],"amp_enabled":true,"_links":{"self":[{"href":"https:\/\/radiostudiow.com.br\/site\/wp-json\/wp\/v2\/posts\/39782","targetHints":{"allow":["GET"]}}],"collection":[{"href":"https:\/\/radiostudiow.com.br\/site\/wp-json\/wp\/v2\/posts"}],"about":[{"href":"https:\/\/radiostudiow.com.br\/site\/wp-json\/wp\/v2\/types\/post"}],"author":[{"embeddable":true,"href":"https:\/\/radiostudiow.com.br\/site\/wp-json\/wp\/v2\/users\/2"}],"replies":[{"embeddable":true,"href":"https:\/\/radiostudiow.com.br\/site\/wp-json\/wp\/v2\/comments?post=39782"}],"version-history":[{"count":1,"href":"https:\/\/radiostudiow.com.br\/site\/wp-json\/wp\/v2\/posts\/39782\/revisions"}],"predecessor-version":[{"id":39785,"href":"https:\/\/radiostudiow.com.br\/site\/wp-json\/wp\/v2\/posts\/39782\/revisions\/39785"}],"wp:featuredmedia":[{"embeddable":true,"href":"https:\/\/radiostudiow.com.br\/site\/wp-json\/wp\/v2\/media\/39784"}],"wp:attachment":[{"href":"https:\/\/radiostudiow.com.br\/site\/wp-json\/wp\/v2\/media?parent=39782"}],"wp:term":[{"taxonomy":"category","embeddable":true,"href":"https:\/\/radiostudiow.com.br\/site\/wp-json\/wp\/v2\/categories?post=39782"},{"taxonomy":"post_tag","embeddable":true,"href":"https:\/\/radiostudiow.com.br\/site\/wp-json\/wp\/v2\/tags?post=39782"}],"curies":[{"name":"wp","href":"https:\/\/api.w.org\/{rel}","templated":true}]}}