{"id":39786,"date":"2025-06-28T12:15:04","date_gmt":"2025-06-28T15:15:04","guid":{"rendered":"https:\/\/radiostudiow.com.br\/site\/?p=39786"},"modified":"2025-06-28T12:15:05","modified_gmt":"2025-06-28T15:15:05","slug":"homem-desaparece-apos-surto-e-fuga-para-mata-em-imbituva-buscas-mobilizam-bombeiros-drone-e-voluntarios","status":"publish","type":"post","link":"https:\/\/radiostudiow.com.br\/site\/2025\/06\/28\/homem-desaparece-apos-surto-e-fuga-para-mata-em-imbituva-buscas-mobilizam-bombeiros-drone-e-voluntarios\/","title":{"rendered":"Homem desaparece ap\u00f3s surto e fuga para mata em Imbituva; buscas mobilizam bombeiros, drone e volunt\u00e1rios"},"content":{"rendered":"\n<p><\/p>\n\n\n\n<figure class=\"wp-block-image size-full\"><img loading=\"lazy\" decoding=\"async\" width=\"897\" height=\"204\" src=\"https:\/\/radiostudiow.com.br\/site\/wp-content\/uploads\/2025\/06\/BARROS.png\" alt=\"\" class=\"wp-image-39575\" srcset=\"https:\/\/radiostudiow.com.br\/site\/wp-content\/uploads\/2025\/06\/BARROS.png 897w, https:\/\/radiostudiow.com.br\/site\/wp-content\/uploads\/2025\/06\/BARROS-300x68.png 300w, https:\/\/radiostudiow.com.br\/site\/wp-content\/uploads\/2025\/06\/BARROS-768x175.png 768w\" sizes=\"auto, (max-width: 897px) 100vw, 897px\" \/><\/figure>\n\n\n\n<p><\/p>\n\n\n\n<p>Um homem est\u00e1 desaparecido desde a madrugada da \u00faltima quinta-feira (26), ap\u00f3s sair de casa nu e aparentemente em surto psicol\u00f3gico, na cidade de Imbituva. A ocorr\u00eancia foi registrada pelo irm\u00e3o da v\u00edtima por volta das 21h20 de quinta-feira (26), que relatou o desaparecimento \u00e0 pol\u00edcia.<\/p>\n\n\n\n<p>Segundo o familiar, o homem saiu de casa por volta da meia-noite entre os dias 25 e 26 de junho, sem roupas e em aparente estado de confus\u00e3o mental. <\/p>\n\n\n\n<figure class=\"wp-block-image size-large\"><img loading=\"lazy\" decoding=\"async\" width=\"1024\" height=\"576\" src=\"https:\/\/radiostudiow.com.br\/site\/wp-content\/uploads\/2025\/06\/b09dc95a-5acd-451b-a5d3-75da614e9b54-1024x576.jpg\" alt=\"\" class=\"wp-image-39787\" srcset=\"https:\/\/radiostudiow.com.br\/site\/wp-content\/uploads\/2025\/06\/b09dc95a-5acd-451b-a5d3-75da614e9b54-1024x576.jpg 1024w, https:\/\/radiostudiow.com.br\/site\/wp-content\/uploads\/2025\/06\/b09dc95a-5acd-451b-a5d3-75da614e9b54-300x169.jpg 300w, https:\/\/radiostudiow.com.br\/site\/wp-content\/uploads\/2025\/06\/b09dc95a-5acd-451b-a5d3-75da614e9b54-768x432.jpg 768w, https:\/\/radiostudiow.com.br\/site\/wp-content\/uploads\/2025\/06\/b09dc95a-5acd-451b-a5d3-75da614e9b54-1536x864.jpg 1536w, https:\/\/radiostudiow.com.br\/site\/wp-content\/uploads\/2025\/06\/b09dc95a-5acd-451b-a5d3-75da614e9b54.jpg 1600w\" sizes=\"auto, (max-width: 1024px) 100vw, 1024px\" \/><\/figure>\n\n\n\n<p><\/p>\n\n\n\n<figure class=\"wp-block-image size-full\"><img loading=\"lazy\" decoding=\"async\" width=\"897\" height=\"204\" src=\"https:\/\/radiostudiow.com.br\/site\/wp-content\/uploads\/2025\/03\/image-62.png\" alt=\"\" class=\"wp-image-35859\" srcset=\"https:\/\/radiostudiow.com.br\/site\/wp-content\/uploads\/2025\/03\/image-62.png 897w, https:\/\/radiostudiow.com.br\/site\/wp-content\/uploads\/2025\/03\/image-62-300x68.png 300w, https:\/\/radiostudiow.com.br\/site\/wp-content\/uploads\/2025\/03\/image-62-768x175.png 768w\" sizes=\"auto, (max-width: 897px) 100vw, 897px\" \/><\/figure>\n\n\n\n<p><\/p>\n\n\n\n<p>Durante a tarde de quinta-feira, ele chegou a ser visto transitando pelas ruas da cidade, mas ao avistar a chegada de uma viatura policial, fugiu em dire\u00e7\u00e3o a uma \u00e1rea de mata.<\/p>\n\n\n\n<p>De acordo com o relato, o desaparecido sofre de princ\u00edpio de depress\u00e3o, n\u00e3o faz uso de medicamentos e nunca havia apresentado esse tipo de comportamento antes. O irm\u00e3o ainda destacou que, nos \u00faltimos dias, ele apresentava sinais de agressividade.<\/p>\n\n\n\n<p><strong>In\u00edcio das buscas<\/strong><\/p>\n\n\n\n<p>Assim que acionadas, as equipes de busca foram at\u00e9 a casa da fam\u00edlia para reunir mais informa\u00e7\u00f5es. Policiais, familiares e socorristas realizaram buscas preliminares nas proximidades do local onde o homem foi visto pela \u00faltima vez.<\/p>\n\n\n\n<p>As buscas foram retomadas na manh\u00e3 de sexta-feira (27), com apoio do Corpo de Bombeiros de Imbituva, volunt\u00e1rios e uma equipe especializada vinda de Irati, composta por tr\u00eas bombeiros militares. Um drone foi utilizado para sobrevoo da \u00e1rea, auxiliando na varredura a\u00e9rea da regi\u00e3o.<\/p>\n\n\n\n<figure class=\"wp-block-image size-large\"><img loading=\"lazy\" decoding=\"async\" width=\"1024\" height=\"315\" src=\"https:\/\/radiostudiow.com.br\/site\/wp-content\/uploads\/2025\/06\/BOROX-1024x315.png\" alt=\"\" class=\"wp-image-39765\" srcset=\"https:\/\/radiostudiow.com.br\/site\/wp-content\/uploads\/2025\/06\/BOROX-1024x315.png 1024w, https:\/\/radiostudiow.com.br\/site\/wp-content\/uploads\/2025\/06\/BOROX-300x92.png 300w, https:\/\/radiostudiow.com.br\/site\/wp-content\/uploads\/2025\/06\/BOROX-768x236.png 768w, https:\/\/radiostudiow.com.br\/site\/wp-content\/uploads\/2025\/06\/BOROX-1536x472.png 1536w, https:\/\/radiostudiow.com.br\/site\/wp-content\/uploads\/2025\/06\/BOROX.png 1538w\" sizes=\"auto, (max-width: 1024px) 100vw, 1024px\" \/><\/figure>\n\n\n\n<figure class=\"wp-block-image size-large\"><img loading=\"lazy\" decoding=\"async\" width=\"1024\" height=\"576\" src=\"https:\/\/radiostudiow.com.br\/site\/wp-content\/uploads\/2025\/06\/ddd08fe3-4e09-4b32-bcf4-b8b26a4841d4-1024x576.jpg\" alt=\"\" class=\"wp-image-39788\" srcset=\"https:\/\/radiostudiow.com.br\/site\/wp-content\/uploads\/2025\/06\/ddd08fe3-4e09-4b32-bcf4-b8b26a4841d4-1024x576.jpg 1024w, https:\/\/radiostudiow.com.br\/site\/wp-content\/uploads\/2025\/06\/ddd08fe3-4e09-4b32-bcf4-b8b26a4841d4-300x169.jpg 300w, https:\/\/radiostudiow.com.br\/site\/wp-content\/uploads\/2025\/06\/ddd08fe3-4e09-4b32-bcf4-b8b26a4841d4-768x432.jpg 768w, https:\/\/radiostudiow.com.br\/site\/wp-content\/uploads\/2025\/06\/ddd08fe3-4e09-4b32-bcf4-b8b26a4841d4.jpg 1280w\" sizes=\"auto, (max-width: 1024px) 100vw, 1024px\" \/><\/figure>\n\n\n\n<p>O local das buscas \u00e9 amplo, com vegeta\u00e7\u00e3o densa, \u00e1reas de planta\u00e7\u00e3o, encostas e rios, o que dificulta o trabalho das equipes. Os esfor\u00e7os de sexta-feira seguiram at\u00e9 por volta das 18h e foram retomados \u00e0s 7h30 da manh\u00e3 deste s\u00e1bado (28).<\/p>\n\n\n\n<p>As autoridades seguem mobilizadas e pedem que qualquer informa\u00e7\u00e3o sobre o paradeiro do homem seja imediatamente comunicada \u00e0s autoridades locais.<\/p>\n\n\n\n<p><\/p>\n\n\n\n<h2 class=\"wp-block-heading\">Informa\u00e7\u00f5es do Rep\u00f3rter Kiko de Oliveira<\/h2>\n\n\n\n<p><\/p>\n","protected":false},"excerpt":{"rendered":"<p>Um homem est\u00e1 desaparecido desde a madrugada da \u00faltima quinta-feira (26), ap\u00f3s sair de casa nu e aparentemente em surto psicol\u00f3gico, na cidade de Imbituva. A ocorr\u00eancia foi registrada pelo irm\u00e3o da v\u00edtima por volta das 21h20 de quinta-feira (26), que relatou o desaparecimento \u00e0 pol\u00edcia. Segundo o familiar, o homem saiu de casa por [&hellip;]<\/p>\n","protected":false},"author":2,"featured_media":39789,"comment_status":"open","ping_status":"open","sticky":false,"template":"","format":"standard","meta":{"footnotes":""},"categories":[185],"tags":[172],"class_list":["post-39786","post","type-post","status-publish","format-standard","has-post-thumbnail","hentry","category-regional","tag-featured"],"amp_enabled":true,"_links":{"self":[{"href":"https:\/\/radiostudiow.com.br\/site\/wp-json\/wp\/v2\/posts\/39786","targetHints":{"allow":["GET"]}}],"collection":[{"href":"https:\/\/radiostudiow.com.br\/site\/wp-json\/wp\/v2\/posts"}],"about":[{"href":"https:\/\/radiostudiow.com.br\/site\/wp-json\/wp\/v2\/types\/post"}],"author":[{"embeddable":true,"href":"https:\/\/radiostudiow.com.br\/site\/wp-json\/wp\/v2\/users\/2"}],"replies":[{"embeddable":true,"href":"https:\/\/radiostudiow.com.br\/site\/wp-json\/wp\/v2\/comments?post=39786"}],"version-history":[{"count":1,"href":"https:\/\/radiostudiow.com.br\/site\/wp-json\/wp\/v2\/posts\/39786\/revisions"}],"predecessor-version":[{"id":39790,"href":"https:\/\/radiostudiow.com.br\/site\/wp-json\/wp\/v2\/posts\/39786\/revisions\/39790"}],"wp:featuredmedia":[{"embeddable":true,"href":"https:\/\/radiostudiow.com.br\/site\/wp-json\/wp\/v2\/media\/39789"}],"wp:attachment":[{"href":"https:\/\/radiostudiow.com.br\/site\/wp-json\/wp\/v2\/media?parent=39786"}],"wp:term":[{"taxonomy":"category","embeddable":true,"href":"https:\/\/radiostudiow.com.br\/site\/wp-json\/wp\/v2\/categories?post=39786"},{"taxonomy":"post_tag","embeddable":true,"href":"https:\/\/radiostudiow.com.br\/site\/wp-json\/wp\/v2\/tags?post=39786"}],"curies":[{"name":"wp","href":"https:\/\/api.w.org\/{rel}","templated":true}]}}