{"id":39791,"date":"2025-06-29T15:59:33","date_gmt":"2025-06-29T18:59:33","guid":{"rendered":"https:\/\/radiostudiow.com.br\/site\/?p=39791"},"modified":"2025-06-29T15:59:34","modified_gmt":"2025-06-29T18:59:34","slug":"homem-que-estava-desaparecido-e-encontrado-em-construcao-abandonada-em-imbituva","status":"publish","type":"post","link":"https:\/\/radiostudiow.com.br\/site\/2025\/06\/29\/homem-que-estava-desaparecido-e-encontrado-em-construcao-abandonada-em-imbituva\/","title":{"rendered":"Homem que estava desaparecido \u00e9 encontrado em constru\u00e7\u00e3o abandonada em Imbituva"},"content":{"rendered":"\n<p><\/p>\n\n\n\n<figure class=\"wp-block-image size-full\"><img loading=\"lazy\" decoding=\"async\" width=\"897\" height=\"204\" src=\"https:\/\/radiostudiow.com.br\/site\/wp-content\/uploads\/2025\/03\/image-62.png\" alt=\"\" class=\"wp-image-35859\" srcset=\"https:\/\/radiostudiow.com.br\/site\/wp-content\/uploads\/2025\/03\/image-62.png 897w, https:\/\/radiostudiow.com.br\/site\/wp-content\/uploads\/2025\/03\/image-62-300x68.png 300w, https:\/\/radiostudiow.com.br\/site\/wp-content\/uploads\/2025\/03\/image-62-768x175.png 768w\" sizes=\"auto, (max-width: 897px) 100vw, 897px\" \/><\/figure>\n\n\n\n<p><\/p>\n\n\n\n<p>Ap\u00f3s mais de dois dias de buscas intensas, Joelcio de Souza, que estava desaparecido desde a madrugada de quinta-feira (26), foi localizado na manh\u00e3 deste domingo (29) em Imbituva, na regi\u00e3o dos Campos Gerais do Paran\u00e1. Ele foi encontrado por volta das 8h30, em uma constru\u00e7\u00e3o abandonada na localidade de Morro das Pedras.<\/p>\n\n\n\n<p>Joelcio foi localizado pelo agente da Pol\u00edcia Civil de Imbituva, Yuri Sponholz, que participou ativamente das buscas desde o in\u00edcio. Conforme informa\u00e7\u00f5es apuradas, ele estava fraco, por\u00e9m consciente, e recebeu os primeiros atendimentos do Servi\u00e7o de Atendimento M\u00f3vel de Urg\u00eancia (SAMU). Apesar do estado debilitado, seu quadro de sa\u00fade \u00e9 considerado est\u00e1vel.<\/p>\n\n\n\n<figure class=\"wp-block-image size-large\"><img loading=\"lazy\" decoding=\"async\" width=\"473\" height=\"1024\" src=\"https:\/\/radiostudiow.com.br\/site\/wp-content\/uploads\/2025\/06\/43c0cd71-c077-4cff-9fc3-6a7b7ffd88a1-473x1024.jpg\" alt=\"\" class=\"wp-image-39792\" srcset=\"https:\/\/radiostudiow.com.br\/site\/wp-content\/uploads\/2025\/06\/43c0cd71-c077-4cff-9fc3-6a7b7ffd88a1-473x1024.jpg 473w, https:\/\/radiostudiow.com.br\/site\/wp-content\/uploads\/2025\/06\/43c0cd71-c077-4cff-9fc3-6a7b7ffd88a1-139x300.jpg 139w, https:\/\/radiostudiow.com.br\/site\/wp-content\/uploads\/2025\/06\/43c0cd71-c077-4cff-9fc3-6a7b7ffd88a1-709x1536.jpg 709w, https:\/\/radiostudiow.com.br\/site\/wp-content\/uploads\/2025\/06\/43c0cd71-c077-4cff-9fc3-6a7b7ffd88a1.jpg 739w\" sizes=\"auto, (max-width: 473px) 100vw, 473px\" \/><\/figure>\n\n\n\n<figure class=\"wp-block-image size-full\"><img loading=\"lazy\" decoding=\"async\" width=\"897\" height=\"204\" src=\"https:\/\/radiostudiow.com.br\/site\/wp-content\/uploads\/2025\/06\/BARROS.png\" alt=\"\" class=\"wp-image-39575\" srcset=\"https:\/\/radiostudiow.com.br\/site\/wp-content\/uploads\/2025\/06\/BARROS.png 897w, https:\/\/radiostudiow.com.br\/site\/wp-content\/uploads\/2025\/06\/BARROS-300x68.png 300w, https:\/\/radiostudiow.com.br\/site\/wp-content\/uploads\/2025\/06\/BARROS-768x175.png 768w\" sizes=\"auto, (max-width: 897px) 100vw, 897px\" \/><\/figure>\n\n\n\n<p><\/p>\n\n\n\n<h3 class=\"wp-block-heading\">O desaparecimento<\/h3>\n\n\n\n<p>Joelcio desapareceu ap\u00f3s apresentar um surto psicol\u00f3gico. Segundo relato do irm\u00e3o \u00e0 Pol\u00edcia Militar, o jovem saiu de casa nu por volta da meia-noite entre os dias 25 e 26 de junho. Durante a tarde de quinta-feira (26), ele ainda foi visto por moradores andando pelas ruas da cidade, mas fugiu ao perceber a aproxima\u00e7\u00e3o de uma viatura policial, adentrando uma \u00e1rea de mata.<\/p>\n\n\n\n<p>A fam\u00edlia informou \u00e0s autoridades que Joelcio sofre de princ\u00edpio de depress\u00e3o, n\u00e3o faz uso de medicamentos e nunca havia demonstrado esse tipo de comportamento anteriormente. Nos dias que antecederam o desaparecimento, ele apresentava epis\u00f3dios de agressividade.<\/p>\n\n\n\n<figure class=\"wp-block-image size-large\"><img loading=\"lazy\" decoding=\"async\" width=\"576\" height=\"1024\" src=\"https:\/\/radiostudiow.com.br\/site\/wp-content\/uploads\/2025\/06\/9dc3296a-1d8c-4ea7-81f6-4d15253835fc-576x1024.jpg\" alt=\"\" class=\"wp-image-39794\" srcset=\"https:\/\/radiostudiow.com.br\/site\/wp-content\/uploads\/2025\/06\/9dc3296a-1d8c-4ea7-81f6-4d15253835fc-576x1024.jpg 576w, https:\/\/radiostudiow.com.br\/site\/wp-content\/uploads\/2025\/06\/9dc3296a-1d8c-4ea7-81f6-4d15253835fc-169x300.jpg 169w, https:\/\/radiostudiow.com.br\/site\/wp-content\/uploads\/2025\/06\/9dc3296a-1d8c-4ea7-81f6-4d15253835fc-768x1365.jpg 768w, https:\/\/radiostudiow.com.br\/site\/wp-content\/uploads\/2025\/06\/9dc3296a-1d8c-4ea7-81f6-4d15253835fc-864x1536.jpg 864w, https:\/\/radiostudiow.com.br\/site\/wp-content\/uploads\/2025\/06\/9dc3296a-1d8c-4ea7-81f6-4d15253835fc.jpg 900w\" sizes=\"auto, (max-width: 576px) 100vw, 576px\" \/><\/figure>\n\n\n\n<figure class=\"wp-block-image size-full\"><img loading=\"lazy\" decoding=\"async\" width=\"598\" height=\"204\" src=\"https:\/\/radiostudiow.com.br\/site\/wp-content\/uploads\/2025\/06\/SITE-MEDIO.png\" alt=\"\" class=\"wp-image-39667\" srcset=\"https:\/\/radiostudiow.com.br\/site\/wp-content\/uploads\/2025\/06\/SITE-MEDIO.png 598w, https:\/\/radiostudiow.com.br\/site\/wp-content\/uploads\/2025\/06\/SITE-MEDIO-300x102.png 300w\" sizes=\"auto, (max-width: 598px) 100vw, 598px\" \/><\/figure>\n\n\n\n<p><\/p>\n\n\n\n<h3 class=\"wp-block-heading\">As buscas<\/h3>\n\n\n\n<p>A mobiliza\u00e7\u00e3o para encontrar Joelcio envolveu familiares, policiais civis e militares, socorristas e volunt\u00e1rios. Na sexta-feira (27), o Corpo de Bombeiros de Imbituva intensificou os trabalhos com o apoio de uma equipe especializada vinda de Irati, composta por tr\u00eas bombeiros militares. Um drone foi utilizado para sobrevoar a \u00e1rea de mata e facilitar a localiza\u00e7\u00e3o do desaparecido.<\/p>\n\n\n\n<p>O terreno onde ocorreram as buscas \u00e9 caracterizado por vegeta\u00e7\u00e3o densa, encostas, planta\u00e7\u00f5es e rios, o que dificultou os trabalhos. As equipes permaneceram em campo at\u00e9 o fim da tarde de sexta e retomaram as buscas na manh\u00e3 de s\u00e1bado (28), com persist\u00eancia e dedica\u00e7\u00e3o.<\/p>\n\n\n\n<p><\/p>\n\n\n\n<figure class=\"wp-block-image size-full\"><img loading=\"lazy\" decoding=\"async\" width=\"598\" height=\"204\" src=\"https:\/\/radiostudiow.com.br\/site\/wp-content\/uploads\/2025\/06\/GIF-medio-2.gif\" alt=\"\" class=\"wp-image-39620\"\/><\/figure>\n\n\n\n<figure class=\"wp-block-image size-large\"><img loading=\"lazy\" decoding=\"async\" width=\"576\" height=\"1024\" src=\"https:\/\/radiostudiow.com.br\/site\/wp-content\/uploads\/2025\/06\/e41437ee-6c82-44c5-8224-0430d6188a23-1-576x1024.jpg\" alt=\"\" class=\"wp-image-39795\" srcset=\"https:\/\/radiostudiow.com.br\/site\/wp-content\/uploads\/2025\/06\/e41437ee-6c82-44c5-8224-0430d6188a23-1-576x1024.jpg 576w, https:\/\/radiostudiow.com.br\/site\/wp-content\/uploads\/2025\/06\/e41437ee-6c82-44c5-8224-0430d6188a23-1-169x300.jpg 169w, https:\/\/radiostudiow.com.br\/site\/wp-content\/uploads\/2025\/06\/e41437ee-6c82-44c5-8224-0430d6188a23-1-768x1365.jpg 768w, https:\/\/radiostudiow.com.br\/site\/wp-content\/uploads\/2025\/06\/e41437ee-6c82-44c5-8224-0430d6188a23-1-864x1536.jpg 864w, https:\/\/radiostudiow.com.br\/site\/wp-content\/uploads\/2025\/06\/e41437ee-6c82-44c5-8224-0430d6188a23-1.jpg 900w\" sizes=\"auto, (max-width: 576px) 100vw, 576px\" \/><\/figure>\n\n\n\n<p><\/p>\n\n\n\n<h3 class=\"wp-block-heading\">Reconhecimento<\/h3>\n\n\n\n<p>O caso teve um desfecho positivo gra\u00e7as ao empenho dos envolvidos, especialmente do agente Yuri Sponholz, que recebeu destaque pelo comprometimento na localiza\u00e7\u00e3o de Joelcio. A Pol\u00edcia Civil de Imbituva e demais colaboradores foram essenciais para o sucesso da opera\u00e7\u00e3o.<\/p>\n\n\n\n<p>As autoridades agradecem a colabora\u00e7\u00e3o da popula\u00e7\u00e3o e refor\u00e7am a import\u00e2ncia de comunicar imediatamente qualquer situa\u00e7\u00e3o semelhante, contribuindo com informa\u00e7\u00f5es que possam auxiliar no resgate de pessoas em risco.<\/p>\n\n\n\n<h2 class=\"wp-block-heading\"> <em>Imagens e informa\u00e7\u00f5es: Policial Marcos Andrade<\/em><br> <em>Colabora\u00e7\u00e3o: Rep\u00f3rter Kiko de Oliveira<\/em><\/h2>\n\n\n\n<p><\/p>\n","protected":false},"excerpt":{"rendered":"<p>Ap\u00f3s mais de dois dias de buscas intensas, Joelcio de Souza, que estava desaparecido desde a madrugada de quinta-feira (26), foi localizado na manh\u00e3 deste domingo (29) em Imbituva, na regi\u00e3o dos Campos Gerais do Paran\u00e1. Ele foi encontrado por volta das 8h30, em uma constru\u00e7\u00e3o abandonada na localidade de Morro das Pedras. Joelcio foi [&hellip;]<\/p>\n","protected":false},"author":2,"featured_media":39796,"comment_status":"open","ping_status":"open","sticky":false,"template":"","format":"standard","meta":{"footnotes":""},"categories":[185],"tags":[172],"class_list":["post-39791","post","type-post","status-publish","format-standard","has-post-thumbnail","hentry","category-regional","tag-featured"],"amp_enabled":true,"_links":{"self":[{"href":"https:\/\/radiostudiow.com.br\/site\/wp-json\/wp\/v2\/posts\/39791","targetHints":{"allow":["GET"]}}],"collection":[{"href":"https:\/\/radiostudiow.com.br\/site\/wp-json\/wp\/v2\/posts"}],"about":[{"href":"https:\/\/radiostudiow.com.br\/site\/wp-json\/wp\/v2\/types\/post"}],"author":[{"embeddable":true,"href":"https:\/\/radiostudiow.com.br\/site\/wp-json\/wp\/v2\/users\/2"}],"replies":[{"embeddable":true,"href":"https:\/\/radiostudiow.com.br\/site\/wp-json\/wp\/v2\/comments?post=39791"}],"version-history":[{"count":1,"href":"https:\/\/radiostudiow.com.br\/site\/wp-json\/wp\/v2\/posts\/39791\/revisions"}],"predecessor-version":[{"id":39797,"href":"https:\/\/radiostudiow.com.br\/site\/wp-json\/wp\/v2\/posts\/39791\/revisions\/39797"}],"wp:featuredmedia":[{"embeddable":true,"href":"https:\/\/radiostudiow.com.br\/site\/wp-json\/wp\/v2\/media\/39796"}],"wp:attachment":[{"href":"https:\/\/radiostudiow.com.br\/site\/wp-json\/wp\/v2\/media?parent=39791"}],"wp:term":[{"taxonomy":"category","embeddable":true,"href":"https:\/\/radiostudiow.com.br\/site\/wp-json\/wp\/v2\/categories?post=39791"},{"taxonomy":"post_tag","embeddable":true,"href":"https:\/\/radiostudiow.com.br\/site\/wp-json\/wp\/v2\/tags?post=39791"}],"curies":[{"name":"wp","href":"https:\/\/api.w.org\/{rel}","templated":true}]}}