{"id":39799,"date":"2025-06-30T10:04:17","date_gmt":"2025-06-30T13:04:17","guid":{"rendered":"https:\/\/radiostudiow.com.br\/site\/?p=39799"},"modified":"2025-06-30T10:04:17","modified_gmt":"2025-06-30T13:04:17","slug":"homem-e-detido-por-posse-irregular-de-arma-de-fogo-em-irati","status":"publish","type":"post","link":"https:\/\/radiostudiow.com.br\/site\/2025\/06\/30\/homem-e-detido-por-posse-irregular-de-arma-de-fogo-em-irati\/","title":{"rendered":"Homem \u00e9 detido por posse irregular de arma de fogo em Irati"},"content":{"rendered":"\n<figure class=\"wp-block-image size-full\"><img loading=\"lazy\" decoding=\"async\" width=\"897\" height=\"204\" src=\"https:\/\/radiostudiow.com.br\/site\/wp-content\/uploads\/2025\/01\/SITE-GRANDE.png\" alt=\"\" class=\"wp-image-32809\" srcset=\"https:\/\/radiostudiow.com.br\/site\/wp-content\/uploads\/2025\/01\/SITE-GRANDE.png 897w, https:\/\/radiostudiow.com.br\/site\/wp-content\/uploads\/2025\/01\/SITE-GRANDE-300x68.png 300w, https:\/\/radiostudiow.com.br\/site\/wp-content\/uploads\/2025\/01\/SITE-GRANDE-768x175.png 768w\" sizes=\"auto, (max-width: 897px) 100vw, 897px\" \/><\/figure>\n\n\n\n<p>Um homem foi detido por posse irregular de arma de fogo no bairro Canisianas, em Irati por volta das 19 horas da noite deste domingo (29).<\/p>\n\n\n\n<p>A a\u00e7\u00e3o foi realizada por uma equipe da Rocam (Rondas Ostensivas com Apoio de Motocicletas) durante patrulhamento de rotina.<\/p>\n\n\n\n<p>Segundo a Pol\u00edcia Militar, os agentes avistaram um indiv\u00edduo em atitude suspeita ao lado de um ve\u00edculo estacionado. Durante a abordagem e busca pessoal, nada de il\u00edcito foi encontrado com o suspeito. No entanto, ao revistarem o interior do carro, os policiais localizaram um rev\u00f3lver calibre .32, que estava desmuniciado.<\/p>\n\n\n\n<figure class=\"wp-block-image size-full\"><img loading=\"lazy\" decoding=\"async\" width=\"598\" height=\"204\" src=\"https:\/\/radiostudiow.com.br\/site\/wp-content\/uploads\/2025\/01\/SITE-MEDIO3.png\" alt=\"\" class=\"wp-image-32815\" srcset=\"https:\/\/radiostudiow.com.br\/site\/wp-content\/uploads\/2025\/01\/SITE-MEDIO3.png 598w, https:\/\/radiostudiow.com.br\/site\/wp-content\/uploads\/2025\/01\/SITE-MEDIO3-300x102.png 300w\" sizes=\"auto, (max-width: 598px) 100vw, 598px\" \/><\/figure>\n\n\n\n<p>Diante da constata\u00e7\u00e3o, o homem foi encaminhado juntamente com a arma de fogo \u00e0 41\u00aa Delegacia de Pol\u00edcia Civil de Irati, onde foram adotadas as medidas legais cab\u00edveis ao caso.<\/p>\n\n\n\n<p>A posse irregular de arma de fogo \u00e9 crime previsto no Estatuto do Desarmamento e pode acarretar penas que variam de um a tr\u00eas anos de deten\u00e7\u00e3o, al\u00e9m de multa.<\/p>\n\n\n\n<p>As autoridades seguem alertando a popula\u00e7\u00e3o sobre os riscos e penalidades relacionados ao porte e posse ilegal de armamentos.<\/p>\n","protected":false},"excerpt":{"rendered":"<p>Um homem foi detido por posse irregular de arma de fogo no bairro Canisianas, em Irati por volta das 19 horas da noite deste domingo (29). A a\u00e7\u00e3o foi realizada por uma equipe da Rocam (Rondas Ostensivas com Apoio de Motocicletas) durante patrulhamento de rotina. Segundo a Pol\u00edcia Militar, os agentes avistaram um indiv\u00edduo em [&hellip;]<\/p>\n","protected":false},"author":2,"featured_media":39800,"comment_status":"open","ping_status":"open","sticky":false,"template":"","format":"standard","meta":{"footnotes":""},"categories":[2],"tags":[172],"class_list":["post-39799","post","type-post","status-publish","format-standard","has-post-thumbnail","hentry","category-policial","tag-featured"],"amp_enabled":true,"_links":{"self":[{"href":"https:\/\/radiostudiow.com.br\/site\/wp-json\/wp\/v2\/posts\/39799","targetHints":{"allow":["GET"]}}],"collection":[{"href":"https:\/\/radiostudiow.com.br\/site\/wp-json\/wp\/v2\/posts"}],"about":[{"href":"https:\/\/radiostudiow.com.br\/site\/wp-json\/wp\/v2\/types\/post"}],"author":[{"embeddable":true,"href":"https:\/\/radiostudiow.com.br\/site\/wp-json\/wp\/v2\/users\/2"}],"replies":[{"embeddable":true,"href":"https:\/\/radiostudiow.com.br\/site\/wp-json\/wp\/v2\/comments?post=39799"}],"version-history":[{"count":1,"href":"https:\/\/radiostudiow.com.br\/site\/wp-json\/wp\/v2\/posts\/39799\/revisions"}],"predecessor-version":[{"id":39801,"href":"https:\/\/radiostudiow.com.br\/site\/wp-json\/wp\/v2\/posts\/39799\/revisions\/39801"}],"wp:featuredmedia":[{"embeddable":true,"href":"https:\/\/radiostudiow.com.br\/site\/wp-json\/wp\/v2\/media\/39800"}],"wp:attachment":[{"href":"https:\/\/radiostudiow.com.br\/site\/wp-json\/wp\/v2\/media?parent=39799"}],"wp:term":[{"taxonomy":"category","embeddable":true,"href":"https:\/\/radiostudiow.com.br\/site\/wp-json\/wp\/v2\/categories?post=39799"},{"taxonomy":"post_tag","embeddable":true,"href":"https:\/\/radiostudiow.com.br\/site\/wp-json\/wp\/v2\/tags?post=39799"}],"curies":[{"name":"wp","href":"https:\/\/api.w.org\/{rel}","templated":true}]}}