{"id":39809,"date":"2025-06-30T10:50:07","date_gmt":"2025-06-30T13:50:07","guid":{"rendered":"https:\/\/radiostudiow.com.br\/site\/?p=39809"},"modified":"2025-06-30T10:50:07","modified_gmt":"2025-06-30T13:50:07","slug":"homem-e-preso-apos-ameacar-policiais-em-uniao-da-vitoria","status":"publish","type":"post","link":"https:\/\/radiostudiow.com.br\/site\/2025\/06\/30\/homem-e-preso-apos-ameacar-policiais-em-uniao-da-vitoria\/","title":{"rendered":"Homem \u00e9 preso ap\u00f3s amea\u00e7ar policiais em Uni\u00e3o da Vit\u00f3ria"},"content":{"rendered":"\n<figure class=\"wp-block-image size-full\"><img loading=\"lazy\" decoding=\"async\" width=\"897\" height=\"204\" src=\"https:\/\/radiostudiow.com.br\/site\/wp-content\/uploads\/2025\/01\/SITE-GRANDE3.png\" alt=\"\" class=\"wp-image-32900\" srcset=\"https:\/\/radiostudiow.com.br\/site\/wp-content\/uploads\/2025\/01\/SITE-GRANDE3.png 897w, https:\/\/radiostudiow.com.br\/site\/wp-content\/uploads\/2025\/01\/SITE-GRANDE3-300x68.png 300w, https:\/\/radiostudiow.com.br\/site\/wp-content\/uploads\/2025\/01\/SITE-GRANDE3-768x175.png 768w\" sizes=\"auto, (max-width: 897px) 100vw, 897px\" \/><\/figure>\n\n\n\n<p>A equipe da Pol\u00edcia Militar prendeu um homem na noite deste domingo, 29 de junho, no bairro S\u00e3o Crist\u00f3v\u00e3o, ap\u00f3s ser acionada para atender uma ocorr\u00eancia de viol\u00eancia dom\u00e9stica.\u00a0O indiv\u00edduo, que estava visivelmente alterado, ofereceu resist\u00eancia ativa \u00e0 pris\u00e3o e agrediu os policiais.<\/p>\n\n\n\n<p>Por volta das 23h30, a equipe policial foi acionada e, ao chegar ao local, um morador informou sobre um conflito entre um casal nos fundos da resid\u00eancia. Ao se aproximar, os policiais encontraram uma\u00a0mulher chorando, que relatou que seu marido estava alterado dentro do im\u00f3vel.<\/p>\n\n\n\n<p>O homem foi encontrado agressivo, sendo contido por dois indiv\u00edduos n\u00e3o identificados, e proferia amea\u00e7as contra a pol\u00edcia, dizendo frases como\u00a0\u201cn\u00e3o gosto da pol\u00edcia\u201d\u00a0e \u201cvou matar voc\u00eas\u201d.<\/p>\n\n\n\n<figure class=\"wp-block-image size-large\"><img loading=\"lazy\" decoding=\"async\" width=\"1024\" height=\"315\" src=\"https:\/\/radiostudiow.com.br\/site\/wp-content\/uploads\/2025\/06\/BOROX-1024x315.png\" alt=\"\" class=\"wp-image-39765\" srcset=\"https:\/\/radiostudiow.com.br\/site\/wp-content\/uploads\/2025\/06\/BOROX-1024x315.png 1024w, https:\/\/radiostudiow.com.br\/site\/wp-content\/uploads\/2025\/06\/BOROX-300x92.png 300w, https:\/\/radiostudiow.com.br\/site\/wp-content\/uploads\/2025\/06\/BOROX-768x236.png 768w, https:\/\/radiostudiow.com.br\/site\/wp-content\/uploads\/2025\/06\/BOROX-1536x472.png 1536w, https:\/\/radiostudiow.com.br\/site\/wp-content\/uploads\/2025\/06\/BOROX.png 1538w\" sizes=\"auto, (max-width: 1024px) 100vw, 1024px\" \/><\/figure>\n\n\n\n<p>Mesmo com as tentativas de verbaliza\u00e7\u00e3o por parte da equipe, o homem permaneceu hostil. Ao ser informado de que seria conduzido \u00e0 delegacia, ele passou a resistir ativamente, desferindo chutes e cabe\u00e7adas. Diante da situa\u00e7\u00e3o, foi necess\u00e1rio o uso progressivo da for\u00e7a, com bast\u00e3o retr\u00e1til e t\u00e9cnicas de imobiliza\u00e7\u00e3o, para garantir a seguran\u00e7a de todos os presentes e efetuar a pris\u00e3o.<\/p>\n\n\n\n<p>A convivente do agressor afirmou que houve apenas\u00a0danos materiais na resid\u00eancia e n\u00e3o manifestou interesse em representa\u00e7\u00e3o contra o marido.\u00a0O homem foi encaminhado \u00e0 Unidade de Pronto Atendimento (UPA) para avalia\u00e7\u00e3o m\u00e9dica e, em seguida, \u00e0 3\u00aa Central de Flagrantes para as provid\u00eancias cab\u00edveis.<\/p>\n","protected":false},"excerpt":{"rendered":"<p>A equipe da Pol\u00edcia Militar prendeu um homem na noite deste domingo, 29 de junho, no bairro S\u00e3o Crist\u00f3v\u00e3o, ap\u00f3s ser acionada para atender uma ocorr\u00eancia de viol\u00eancia dom\u00e9stica.\u00a0O indiv\u00edduo, que estava visivelmente alterado, ofereceu resist\u00eancia ativa \u00e0 pris\u00e3o e agrediu os policiais. Por volta das 23h30, a equipe policial foi acionada e, ao chegar [&hellip;]<\/p>\n","protected":false},"author":2,"featured_media":34477,"comment_status":"open","ping_status":"open","sticky":false,"template":"","format":"standard","meta":{"footnotes":""},"categories":[2],"tags":[172],"class_list":["post-39809","post","type-post","status-publish","format-standard","has-post-thumbnail","hentry","category-policial","tag-featured"],"amp_enabled":true,"_links":{"self":[{"href":"https:\/\/radiostudiow.com.br\/site\/wp-json\/wp\/v2\/posts\/39809","targetHints":{"allow":["GET"]}}],"collection":[{"href":"https:\/\/radiostudiow.com.br\/site\/wp-json\/wp\/v2\/posts"}],"about":[{"href":"https:\/\/radiostudiow.com.br\/site\/wp-json\/wp\/v2\/types\/post"}],"author":[{"embeddable":true,"href":"https:\/\/radiostudiow.com.br\/site\/wp-json\/wp\/v2\/users\/2"}],"replies":[{"embeddable":true,"href":"https:\/\/radiostudiow.com.br\/site\/wp-json\/wp\/v2\/comments?post=39809"}],"version-history":[{"count":1,"href":"https:\/\/radiostudiow.com.br\/site\/wp-json\/wp\/v2\/posts\/39809\/revisions"}],"predecessor-version":[{"id":39810,"href":"https:\/\/radiostudiow.com.br\/site\/wp-json\/wp\/v2\/posts\/39809\/revisions\/39810"}],"wp:featuredmedia":[{"embeddable":true,"href":"https:\/\/radiostudiow.com.br\/site\/wp-json\/wp\/v2\/media\/34477"}],"wp:attachment":[{"href":"https:\/\/radiostudiow.com.br\/site\/wp-json\/wp\/v2\/media?parent=39809"}],"wp:term":[{"taxonomy":"category","embeddable":true,"href":"https:\/\/radiostudiow.com.br\/site\/wp-json\/wp\/v2\/categories?post=39809"},{"taxonomy":"post_tag","embeddable":true,"href":"https:\/\/radiostudiow.com.br\/site\/wp-json\/wp\/v2\/tags?post=39809"}],"curies":[{"name":"wp","href":"https:\/\/api.w.org\/{rel}","templated":true}]}}