{"id":39811,"date":"2025-06-30T11:00:00","date_gmt":"2025-06-30T14:00:00","guid":{"rendered":"https:\/\/radiostudiow.com.br\/site\/?p=39811"},"modified":"2025-06-30T11:00:01","modified_gmt":"2025-06-30T14:00:01","slug":"homem-morre-atropelado-por-carreta-na-na-rodovia-pr-364-entre-sao-mateus-do-sul-e-irati","status":"publish","type":"post","link":"https:\/\/radiostudiow.com.br\/site\/2025\/06\/30\/homem-morre-atropelado-por-carreta-na-na-rodovia-pr-364-entre-sao-mateus-do-sul-e-irati\/","title":{"rendered":"Homem morre atropelado por carreta na na rodovia PR-364 entre S\u00e3o Mateus do Sul e Irati"},"content":{"rendered":"\n<figure class=\"wp-block-image size-full\"><img loading=\"lazy\" decoding=\"async\" width=\"897\" height=\"204\" src=\"https:\/\/radiostudiow.com.br\/site\/wp-content\/uploads\/2025\/03\/image-62.png\" alt=\"\" class=\"wp-image-35859\" srcset=\"https:\/\/radiostudiow.com.br\/site\/wp-content\/uploads\/2025\/03\/image-62.png 897w, https:\/\/radiostudiow.com.br\/site\/wp-content\/uploads\/2025\/03\/image-62-300x68.png 300w, https:\/\/radiostudiow.com.br\/site\/wp-content\/uploads\/2025\/03\/image-62-768x175.png 768w\" sizes=\"auto, (max-width: 897px) 100vw, 897px\" \/><\/figure>\n\n\n\n<p>Um homem foi v\u00edtima de atropelamento no domingo, 29 de junho, na rodovia PR-364, na regi\u00e3o da localidade de Dois Irm\u00e3os, entre os munic\u00edpios de S\u00e3o Mateus do Sul e Irati.<\/p>\n\n\n\n<p>Ele foi identificado como\u00a0Zeno Popoaski Sobrinho, de 67 anos.<\/p>\n\n\n\n<p><em>O corpo ser\u00e1 velado a partir das 12h30min na capela do cemit\u00e9rio municipal de S\u00e3o Mateus do Sul.\u00a0Sepultamento nesta segunda, 30 de junho, \u00e0s 17 horas no cemit\u00e9rio municipal da cidade.<\/em><\/p>\n\n\n\n<figure class=\"wp-block-image size-full\"><img loading=\"lazy\" decoding=\"async\" width=\"598\" height=\"204\" src=\"https:\/\/radiostudiow.com.br\/site\/wp-content\/uploads\/2025\/01\/SITE-MEDIO7.png\" alt=\"\" class=\"wp-image-32801\" srcset=\"https:\/\/radiostudiow.com.br\/site\/wp-content\/uploads\/2025\/01\/SITE-MEDIO7.png 598w, https:\/\/radiostudiow.com.br\/site\/wp-content\/uploads\/2025\/01\/SITE-MEDIO7-300x102.png 300w\" sizes=\"auto, (max-width: 598px) 100vw, 598px\" \/><\/figure>\n\n\n\n<p><strong>O acidente<\/strong><\/p>\n\n\n\n<p>Segundo informa\u00e7\u00f5es colhidas no local, o homem caminhava pelo acostamento e, ao tentar atravessar a pista, acabou sendo atingido por uma carreta que transitava pela rodovia.<\/p>\n\n\n\n<p>A Pol\u00edcia Militar de S\u00e3o Mateus do Sul prestou os primeiros atendimentos at\u00e9 a chegada da Pol\u00edcia Rodovi\u00e1ria Estadual, que se deslocou da cidade da Lapa para assumir a ocorr\u00eancia, j\u00e1 que no dia n\u00e3o havia efetivo dispon\u00edvel em S\u00e3o Mateus do Sul.<\/p>\n","protected":false},"excerpt":{"rendered":"<p>Um homem foi v\u00edtima de atropelamento no domingo, 29 de junho, na rodovia PR-364, na regi\u00e3o da localidade de Dois Irm\u00e3os, entre os munic\u00edpios de S\u00e3o Mateus do Sul e Irati. Ele foi identificado como\u00a0Zeno Popoaski Sobrinho, de 67 anos. O corpo ser\u00e1 velado a partir das 12h30min na capela do cemit\u00e9rio municipal de S\u00e3o [&hellip;]<\/p>\n","protected":false},"author":2,"featured_media":39812,"comment_status":"open","ping_status":"open","sticky":false,"template":"","format":"standard","meta":{"footnotes":""},"categories":[185],"tags":[172],"class_list":["post-39811","post","type-post","status-publish","format-standard","has-post-thumbnail","hentry","category-regional","tag-featured"],"amp_enabled":true,"_links":{"self":[{"href":"https:\/\/radiostudiow.com.br\/site\/wp-json\/wp\/v2\/posts\/39811","targetHints":{"allow":["GET"]}}],"collection":[{"href":"https:\/\/radiostudiow.com.br\/site\/wp-json\/wp\/v2\/posts"}],"about":[{"href":"https:\/\/radiostudiow.com.br\/site\/wp-json\/wp\/v2\/types\/post"}],"author":[{"embeddable":true,"href":"https:\/\/radiostudiow.com.br\/site\/wp-json\/wp\/v2\/users\/2"}],"replies":[{"embeddable":true,"href":"https:\/\/radiostudiow.com.br\/site\/wp-json\/wp\/v2\/comments?post=39811"}],"version-history":[{"count":1,"href":"https:\/\/radiostudiow.com.br\/site\/wp-json\/wp\/v2\/posts\/39811\/revisions"}],"predecessor-version":[{"id":39813,"href":"https:\/\/radiostudiow.com.br\/site\/wp-json\/wp\/v2\/posts\/39811\/revisions\/39813"}],"wp:featuredmedia":[{"embeddable":true,"href":"https:\/\/radiostudiow.com.br\/site\/wp-json\/wp\/v2\/media\/39812"}],"wp:attachment":[{"href":"https:\/\/radiostudiow.com.br\/site\/wp-json\/wp\/v2\/media?parent=39811"}],"wp:term":[{"taxonomy":"category","embeddable":true,"href":"https:\/\/radiostudiow.com.br\/site\/wp-json\/wp\/v2\/categories?post=39811"},{"taxonomy":"post_tag","embeddable":true,"href":"https:\/\/radiostudiow.com.br\/site\/wp-json\/wp\/v2\/tags?post=39811"}],"curies":[{"name":"wp","href":"https:\/\/api.w.org\/{rel}","templated":true}]}}