{"id":39814,"date":"2025-06-30T11:12:04","date_gmt":"2025-06-30T14:12:04","guid":{"rendered":"https:\/\/radiostudiow.com.br\/site\/?p=39814"},"modified":"2025-06-30T11:12:04","modified_gmt":"2025-06-30T14:12:04","slug":"homem-e-preso-por-violencia-domestica-e-posse-ilegal-de-arma-em-sao-joao-do-triunfo","status":"publish","type":"post","link":"https:\/\/radiostudiow.com.br\/site\/2025\/06\/30\/homem-e-preso-por-violencia-domestica-e-posse-ilegal-de-arma-em-sao-joao-do-triunfo\/","title":{"rendered":"Homem \u00e9 preso por viol\u00eancia dom\u00e9stica e posse ilegal de arma em S\u00e3o Jo\u00e3o do Triunfo"},"content":{"rendered":"\n<figure class=\"wp-block-image size-full\"><img loading=\"lazy\" decoding=\"async\" width=\"897\" height=\"204\" src=\"https:\/\/radiostudiow.com.br\/site\/wp-content\/uploads\/2025\/02\/SITE-GRANDE7.png\" alt=\"\" class=\"wp-image-33861\" srcset=\"https:\/\/radiostudiow.com.br\/site\/wp-content\/uploads\/2025\/02\/SITE-GRANDE7.png 897w, https:\/\/radiostudiow.com.br\/site\/wp-content\/uploads\/2025\/02\/SITE-GRANDE7-300x68.png 300w, https:\/\/radiostudiow.com.br\/site\/wp-content\/uploads\/2025\/02\/SITE-GRANDE7-768x175.png 768w\" sizes=\"auto, (max-width: 897px) 100vw, 897px\" \/><\/figure>\n\n\n\n<p>A equipe da Pol\u00edcia Civil de S\u00e3o Jo\u00e3o do Triunfo, com apoio de agentes da 3\u00aa Subdivis\u00e3o Policial de S\u00e3o Mateus do Sul, cumpriu um mandado de busca e apreens\u00e3o contra um homem de 57 anos investigado pelos crimes de les\u00e3o corporal e amea\u00e7a, em contexto de viol\u00eancia dom\u00e9stica na tarde desta sexta-feira (27).<\/p>\n\n\n\n<p>Durante a opera\u00e7\u00e3o, foram apreendidos um rifle calibre .38 com nove muni\u00e7\u00f5es e um canivete que teria sido utilizado para agredir a ex-companheira. Diante dos fatos, o suspeito recebeu voz de pris\u00e3o em flagrante e foi encaminhado \u00e0 Cadeia P\u00fablica de S\u00e3o Mateus do Sul.<\/p>\n\n\n\n<figure class=\"wp-block-image size-full\"><img loading=\"lazy\" decoding=\"async\" width=\"598\" height=\"204\" src=\"https:\/\/radiostudiow.com.br\/site\/wp-content\/uploads\/2025\/05\/POLAK.png\" alt=\"\" class=\"wp-image-37847\" srcset=\"https:\/\/radiostudiow.com.br\/site\/wp-content\/uploads\/2025\/05\/POLAK.png 598w, https:\/\/radiostudiow.com.br\/site\/wp-content\/uploads\/2025\/05\/POLAK-300x102.png 300w\" sizes=\"auto, (max-width: 598px) 100vw, 598px\" \/><\/figure>\n\n\n\n<p>O delegado Mateus Santarelli destacou a import\u00e2ncia das den\u00fancias: \u201cA viol\u00eancia dom\u00e9stica precisa ser enfrentada com seriedade e compromisso. \u00c9 fundamental que as v\u00edtimas denunciem, pois somente assim podemos agir para garantir sua seguran\u00e7a e responsabilizar os agressores. O ciclo da viol\u00eancia precisa ser freado\u201d, afirmou.<\/p>\n\n\n\n<p>A Pol\u00edcia Civil refor\u00e7a o compromisso no combate \u00e0 viol\u00eancia contra a mulher e lembra que den\u00fancias podem ser feitas de forma segura pelo telefone 180 ou diretamente nas delegacias.<\/p>\n","protected":false},"excerpt":{"rendered":"<p>A equipe da Pol\u00edcia Civil de S\u00e3o Jo\u00e3o do Triunfo, com apoio de agentes da 3\u00aa Subdivis\u00e3o Policial de S\u00e3o Mateus do Sul, cumpriu um mandado de busca e apreens\u00e3o contra um homem de 57 anos investigado pelos crimes de les\u00e3o corporal e amea\u00e7a, em contexto de viol\u00eancia dom\u00e9stica na tarde desta sexta-feira (27). Durante [&hellip;]<\/p>\n","protected":false},"author":2,"featured_media":39815,"comment_status":"open","ping_status":"open","sticky":false,"template":"","format":"standard","meta":{"footnotes":""},"categories":[2],"tags":[172],"class_list":["post-39814","post","type-post","status-publish","format-standard","has-post-thumbnail","hentry","category-policial","tag-featured"],"amp_enabled":true,"_links":{"self":[{"href":"https:\/\/radiostudiow.com.br\/site\/wp-json\/wp\/v2\/posts\/39814","targetHints":{"allow":["GET"]}}],"collection":[{"href":"https:\/\/radiostudiow.com.br\/site\/wp-json\/wp\/v2\/posts"}],"about":[{"href":"https:\/\/radiostudiow.com.br\/site\/wp-json\/wp\/v2\/types\/post"}],"author":[{"embeddable":true,"href":"https:\/\/radiostudiow.com.br\/site\/wp-json\/wp\/v2\/users\/2"}],"replies":[{"embeddable":true,"href":"https:\/\/radiostudiow.com.br\/site\/wp-json\/wp\/v2\/comments?post=39814"}],"version-history":[{"count":1,"href":"https:\/\/radiostudiow.com.br\/site\/wp-json\/wp\/v2\/posts\/39814\/revisions"}],"predecessor-version":[{"id":39816,"href":"https:\/\/radiostudiow.com.br\/site\/wp-json\/wp\/v2\/posts\/39814\/revisions\/39816"}],"wp:featuredmedia":[{"embeddable":true,"href":"https:\/\/radiostudiow.com.br\/site\/wp-json\/wp\/v2\/media\/39815"}],"wp:attachment":[{"href":"https:\/\/radiostudiow.com.br\/site\/wp-json\/wp\/v2\/media?parent=39814"}],"wp:term":[{"taxonomy":"category","embeddable":true,"href":"https:\/\/radiostudiow.com.br\/site\/wp-json\/wp\/v2\/categories?post=39814"},{"taxonomy":"post_tag","embeddable":true,"href":"https:\/\/radiostudiow.com.br\/site\/wp-json\/wp\/v2\/tags?post=39814"}],"curies":[{"name":"wp","href":"https:\/\/api.w.org\/{rel}","templated":true}]}}