{"id":39820,"date":"2025-06-30T16:10:10","date_gmt":"2025-06-30T19:10:10","guid":{"rendered":"https:\/\/radiostudiow.com.br\/site\/?p=39820"},"modified":"2025-06-30T18:24:15","modified_gmt":"2025-06-30T21:24:15","slug":"homem-e-encontrado-morto-apos-acidente-em-ribanceira-no-interior-de-porto-uniao","status":"publish","type":"post","link":"https:\/\/radiostudiow.com.br\/site\/2025\/06\/30\/homem-e-encontrado-morto-apos-acidente-em-ribanceira-no-interior-de-porto-uniao\/","title":{"rendered":"Homem \u00e9 encontrado morto ap\u00f3s acidente em ribanceira no interior de Porto Uni\u00e3o"},"content":{"rendered":"\n<p><\/p>\n\n\n\n<figure class=\"wp-block-image size-full\"><img loading=\"lazy\" decoding=\"async\" width=\"598\" height=\"204\" src=\"https:\/\/radiostudiow.com.br\/site\/wp-content\/uploads\/2025\/06\/GIF-medio-2.gif\" alt=\"\" class=\"wp-image-39620\"\/><\/figure>\n\n\n\n<p>Um grave acidente foi registrado na localidade de <strong>S\u00e3o Pedro do Timb\u00f3<\/strong>, \u00e1rea rural de <strong>Porto Uni\u00e3o (SC)<\/strong>.<\/p>\n\n\n\n<p>\u00a0Um ve\u00edculo VW Fox foi localizado aproximadamente <strong>50 metros abaixo da estrada<\/strong>, em uma ribanceira na regi\u00e3o conhecida como <strong>Barranco Abaixo<\/strong> na tarde desta segunda-feira, <strong>30 de junho<\/strong>.<\/p>\n\n\n\n<p>O <strong>Corpo de Bombeiros de Porto Uni\u00e3o<\/strong> foi acionado por volta do meio-dia. Ao chegar ao local, os socorristas constataram que o condutor do carro, identificado como <strong>Luciano Franco<\/strong>, j\u00e1 estava em \u00f3bito. Luciano era morador da pr\u00f3pria comunidade e <strong>estava desaparecido h\u00e1 pelo menos dois dias<\/strong>, segundo relatos de familiares. Ele trabalhava em uma usina na regi\u00e3o.<\/p>\n\n\n\n<figure class=\"wp-block-image size-full\"><img loading=\"lazy\" decoding=\"async\" width=\"897\" height=\"204\" src=\"https:\/\/radiostudiow.com.br\/site\/wp-content\/uploads\/2025\/02\/SITE-GRANDE7.png\" alt=\"\" class=\"wp-image-33861\" srcset=\"https:\/\/radiostudiow.com.br\/site\/wp-content\/uploads\/2025\/02\/SITE-GRANDE7.png 897w, https:\/\/radiostudiow.com.br\/site\/wp-content\/uploads\/2025\/02\/SITE-GRANDE7-300x68.png 300w, https:\/\/radiostudiow.com.br\/site\/wp-content\/uploads\/2025\/02\/SITE-GRANDE7-768x175.png 768w\" sizes=\"auto, (max-width: 897px) 100vw, 897px\" \/><\/figure>\n\n\n\n<p><\/p>\n\n\n\n<p>A <strong>\u00e1rea foi isolada<\/strong> para os trabalhos da <strong>Pol\u00edcia Cient\u00edfica<\/strong>, que compareceu ao local para realizar os procedimentos legais e dar in\u00edcio \u00e0 investiga\u00e7\u00e3o das causas do acidente.<\/p>\n\n\n\n<p>As <strong>circunst\u00e2ncias que levaram \u00e0 sa\u00edda de pista e \u00e0 queda do ve\u00edculo ainda ser\u00e3o apuradas<\/strong> pelas autoridades competentes.<\/p>\n\n\n\n<p>A trag\u00e9dia causou como\u00e7\u00e3o na comunidade local, onde Luciano era conhecido e estimado.<br><em>Informa\u00e7\u00f5es: Portal Assis o Rep\u00f3rter&nbsp;<\/em><\/p>\n\n\n\n<p><\/p>\n\n\n\n<figure class=\"wp-block-image size-full\"><img loading=\"lazy\" decoding=\"async\" width=\"897\" height=\"204\" src=\"https:\/\/radiostudiow.com.br\/site\/wp-content\/uploads\/2025\/06\/BARROS.png\" alt=\"\" class=\"wp-image-39575\" srcset=\"https:\/\/radiostudiow.com.br\/site\/wp-content\/uploads\/2025\/06\/BARROS.png 897w, https:\/\/radiostudiow.com.br\/site\/wp-content\/uploads\/2025\/06\/BARROS-300x68.png 300w, https:\/\/radiostudiow.com.br\/site\/wp-content\/uploads\/2025\/06\/BARROS-768x175.png 768w\" sizes=\"auto, (max-width: 897px) 100vw, 897px\" \/><\/figure>\n","protected":false},"excerpt":{"rendered":"<p>Um grave acidente foi registrado na localidade de S\u00e3o Pedro do Timb\u00f3, \u00e1rea rural de Porto Uni\u00e3o (SC). \u00a0Um ve\u00edculo VW Fox foi localizado aproximadamente 50 metros abaixo da estrada, em uma ribanceira na regi\u00e3o conhecida como Barranco Abaixo na tarde desta segunda-feira, 30 de junho. O Corpo de Bombeiros de Porto Uni\u00e3o foi acionado [&hellip;]<\/p>\n","protected":false},"author":2,"featured_media":39821,"comment_status":"open","ping_status":"open","sticky":false,"template":"","format":"standard","meta":{"footnotes":""},"categories":[185],"tags":[172],"class_list":["post-39820","post","type-post","status-publish","format-standard","has-post-thumbnail","hentry","category-regional","tag-featured"],"amp_enabled":true,"_links":{"self":[{"href":"https:\/\/radiostudiow.com.br\/site\/wp-json\/wp\/v2\/posts\/39820","targetHints":{"allow":["GET"]}}],"collection":[{"href":"https:\/\/radiostudiow.com.br\/site\/wp-json\/wp\/v2\/posts"}],"about":[{"href":"https:\/\/radiostudiow.com.br\/site\/wp-json\/wp\/v2\/types\/post"}],"author":[{"embeddable":true,"href":"https:\/\/radiostudiow.com.br\/site\/wp-json\/wp\/v2\/users\/2"}],"replies":[{"embeddable":true,"href":"https:\/\/radiostudiow.com.br\/site\/wp-json\/wp\/v2\/comments?post=39820"}],"version-history":[{"count":2,"href":"https:\/\/radiostudiow.com.br\/site\/wp-json\/wp\/v2\/posts\/39820\/revisions"}],"predecessor-version":[{"id":39825,"href":"https:\/\/radiostudiow.com.br\/site\/wp-json\/wp\/v2\/posts\/39820\/revisions\/39825"}],"wp:featuredmedia":[{"embeddable":true,"href":"https:\/\/radiostudiow.com.br\/site\/wp-json\/wp\/v2\/media\/39821"}],"wp:attachment":[{"href":"https:\/\/radiostudiow.com.br\/site\/wp-json\/wp\/v2\/media?parent=39820"}],"wp:term":[{"taxonomy":"category","embeddable":true,"href":"https:\/\/radiostudiow.com.br\/site\/wp-json\/wp\/v2\/categories?post=39820"},{"taxonomy":"post_tag","embeddable":true,"href":"https:\/\/radiostudiow.com.br\/site\/wp-json\/wp\/v2\/tags?post=39820"}],"curies":[{"name":"wp","href":"https:\/\/api.w.org\/{rel}","templated":true}]}}